{"id":95983,"date":"2025-11-24T16:42:00","date_gmt":"2025-11-24T20:42:00","guid":{"rendered":"https:\/\/casadecampodev.wpenginepowered.com\/blog\/2025\/12\/28\/latin-american-fashion-awards-2025-una-noche-de-herencia-creatividad-y-glamour-global-en-casa-de-campo\/"},"modified":"2026-04-01T09:59:14","modified_gmt":"2026-04-01T13:59:14","slug":"latin-american-fashion-awards-2025-at-casa-de-campo","status":"publish","type":"post","link":"https:\/\/www.casadecampo.com.do\/es\/blog\/2025\/11\/24\/latin-american-fashion-awards-2025-at-casa-de-campo\/","title":{"rendered":"Latin American Fashion Awards 2025: Una noche de herencia, creatividad y glamour global en Casa de Campo"},"content":{"rendered":"\n<p>La segunda edici\u00f3n de los Latin American Fashion Awards regres\u00f3 a Casa de Campo con un brillo incomparable, reuniendo a \u00edconos globales, dise\u00f1adores consagrados y nuevas voces creativas en una velada inolvidable en la Rep\u00fablica Dominicana. Bajo la presidencia de Donatella Versace, el evento celebr\u00f3 la tem\u00e1tica \u201cHot by Heritage\u201d, un homenaje vibrante a las ra\u00edces, la identidad y el poder art\u00edstico del mundo latino. <\/p>\n\n<figure class=\"wp-block-gallery has-nested-images columns-default is-cropped wp-block-gallery-1 is-layout-flex wp-block-gallery-is-layout-flex\">\n<figure class=\"wp-block-image size-large\"><img loading=\"lazy\" decoding=\"async\" width=\"1024\" height=\"768\" data-id=\"95972\" src=\"https:\/\/www.casadecampo.com.do\/wp-content\/smush-webp\/2023\/11\/BFA_52376_7561921-scaled-1-1024x768.jpg.webp\" alt=\"Luis Gerardo M&#xE9;ndez, Donatella Versace, and Patricio Campillo at the Latin American Fashion Awards at Altos de Chavon\" class=\"wp-image-95972\" srcset=\"https:\/\/www.casadecampo.com.do\/wp-content\/smush-webp\/2023\/11\/BFA_52376_7561921-scaled-1-1024x768.jpg.webp 1024w, https:\/\/www.casadecampo.com.do\/wp-content\/smush-webp\/2023\/11\/BFA_52376_7561921-scaled-1-300x225.jpg.webp 300w, https:\/\/www.casadecampo.com.do\/wp-content\/smush-webp\/2023\/11\/BFA_52376_7561921-scaled-1-768x576.jpg.webp 768w, https:\/\/www.casadecampo.com.do\/wp-content\/smush-webp\/2023\/11\/BFA_52376_7561921-scaled-1-1536x1152.jpg.webp 1536w, https:\/\/www.casadecampo.com.do\/wp-content\/smush-webp\/2023\/11\/BFA_52376_7561921-scaled-1-2048x1536.jpg.webp 2048w, https:\/\/www.casadecampo.com.do\/wp-content\/smush-webp\/2023\/11\/BFA_52376_7561921-scaled-1-600x450.jpg.webp 600w\" sizes=\"auto, (max-width: 1024px) 100vw, 1024px\" \/><\/figure>\n\n\n\n<figure class=\"wp-block-image size-large\"><img loading=\"lazy\" decoding=\"async\" width=\"1024\" height=\"819\" data-id=\"95960\" src=\"https:\/\/www.casadecampo.com.do\/wp-content\/smush-webp\/2023\/11\/BFA_52376_7560507-scaled-1-1024x819.jpg.webp\" alt=\"Donatella Versace at the 2025 Latin American Fashion Awards at Casa de Campo\" class=\"wp-image-95960\" srcset=\"https:\/\/www.casadecampo.com.do\/wp-content\/smush-webp\/2023\/11\/BFA_52376_7560507-scaled-1-1024x819.jpg.webp 1024w, https:\/\/www.casadecampo.com.do\/wp-content\/smush-webp\/2023\/11\/BFA_52376_7560507-scaled-1-300x240.jpg.webp 300w, https:\/\/www.casadecampo.com.do\/wp-content\/smush-webp\/2023\/11\/BFA_52376_7560507-scaled-1-768x614.jpg.webp 768w, https:\/\/www.casadecampo.com.do\/wp-content\/smush-webp\/2023\/11\/BFA_52376_7560507-scaled-1-1536x1229.jpg.webp 1536w, https:\/\/www.casadecampo.com.do\/wp-content\/smush-webp\/2023\/11\/BFA_52376_7560507-scaled-1-2048x1638.jpg.webp 2048w\" sizes=\"auto, (max-width: 1024px) 100vw, 1024px\" \/><\/figure>\n\n\n\n<figure class=\"wp-block-image size-large\"><img loading=\"lazy\" decoding=\"async\" width=\"1024\" height=\"683\" data-id=\"95968\" src=\"https:\/\/www.casadecampo.com.do\/wp-content\/smush-webp\/2023\/11\/BFA_52376_7561705-scaled-1-1024x683.jpg.webp\" alt=\"Elena Rose posing on the red carpet at Altos de Chavon\" class=\"wp-image-95968\" srcset=\"https:\/\/www.casadecampo.com.do\/wp-content\/smush-webp\/2023\/11\/BFA_52376_7561705-scaled-1-1024x683.jpg.webp 1024w, https:\/\/www.casadecampo.com.do\/wp-content\/smush-webp\/2023\/11\/BFA_52376_7561705-scaled-1-300x200.jpg.webp 300w, https:\/\/www.casadecampo.com.do\/wp-content\/smush-webp\/2023\/11\/BFA_52376_7561705-scaled-1-768x512.jpg.webp 768w, https:\/\/www.casadecampo.com.do\/wp-content\/smush-webp\/2023\/11\/BFA_52376_7561705-scaled-1-391x260.jpg.webp 391w, https:\/\/www.casadecampo.com.do\/wp-content\/smush-webp\/2023\/11\/BFA_52376_7561705-scaled-1-1536x1024.jpg.webp 1536w, https:\/\/www.casadecampo.com.do\/wp-content\/smush-webp\/2023\/11\/BFA_52376_7561705-scaled-1-2048x1366.jpg.webp 2048w, https:\/\/www.casadecampo.com.do\/wp-content\/smush-webp\/2023\/11\/BFA_52376_7561705-scaled-1-150x100.jpg.webp 150w, https:\/\/www.casadecampo.com.do\/wp-content\/smush-webp\/2023\/11\/BFA_52376_7561705-scaled-1-600x400.jpg.webp 600w, https:\/\/www.casadecampo.com.do\/wp-content\/smush-webp\/2023\/11\/BFA_52376_7561705-scaled-1-900x600.jpg.webp 900w\" sizes=\"auto, (max-width: 1024px) 100vw, 1024px\" \/><\/figure>\n\n\n\n<figure class=\"wp-block-image size-large\"><img loading=\"lazy\" decoding=\"async\" width=\"1024\" height=\"819\" data-id=\"95942\" src=\"https:\/\/www.casadecampo.com.do\/wp-content\/smush-webp\/2023\/11\/BFA_52376_7560378-scaled-1-1024x819.jpg.webp\" alt=\"Anna Dello Russo on the red carpet at our Caribbean spa resort\" class=\"wp-image-95942\" srcset=\"https:\/\/www.casadecampo.com.do\/wp-content\/smush-webp\/2023\/11\/BFA_52376_7560378-scaled-1-1024x819.jpg.webp 1024w, https:\/\/www.casadecampo.com.do\/wp-content\/smush-webp\/2023\/11\/BFA_52376_7560378-scaled-1-300x240.jpg.webp 300w, https:\/\/www.casadecampo.com.do\/wp-content\/smush-webp\/2023\/11\/BFA_52376_7560378-scaled-1-768x614.jpg.webp 768w, https:\/\/www.casadecampo.com.do\/wp-content\/smush-webp\/2023\/11\/BFA_52376_7560378-scaled-1-1536x1229.jpg.webp 1536w, https:\/\/www.casadecampo.com.do\/wp-content\/smush-webp\/2023\/11\/BFA_52376_7560378-scaled-1-2048x1638.jpg.webp 2048w\" sizes=\"auto, (max-width: 1024px) 100vw, 1024px\" \/><\/figure>\n\n\n\n<figure class=\"wp-block-image size-large\"><img loading=\"lazy\" decoding=\"async\" width=\"1024\" height=\"819\" data-id=\"95946\" src=\"https:\/\/www.casadecampo.com.do\/wp-content\/smush-webp\/2023\/11\/BFA_52376_7560411-scaled-1-1024x819.jpg.webp\" alt=\"A woman posing on the Latin American Fashion Awards Red Carpet at our Caribbean wellness resort\" class=\"wp-image-95946\" srcset=\"https:\/\/www.casadecampo.com.do\/wp-content\/smush-webp\/2023\/11\/BFA_52376_7560411-scaled-1-1024x819.jpg.webp 1024w, https:\/\/www.casadecampo.com.do\/wp-content\/smush-webp\/2023\/11\/BFA_52376_7560411-scaled-1-300x240.jpg.webp 300w, https:\/\/www.casadecampo.com.do\/wp-content\/smush-webp\/2023\/11\/BFA_52376_7560411-scaled-1-768x614.jpg.webp 768w, https:\/\/www.casadecampo.com.do\/wp-content\/smush-webp\/2023\/11\/BFA_52376_7560411-scaled-1-1536x1229.jpg.webp 1536w, https:\/\/www.casadecampo.com.do\/wp-content\/smush-webp\/2023\/11\/BFA_52376_7560411-scaled-1-2048x1638.jpg.webp 2048w\" sizes=\"auto, (max-width: 1024px) 100vw, 1024px\" \/><\/figure>\n\n\n\n<figure class=\"wp-block-image size-large\"><img loading=\"lazy\" decoding=\"async\" width=\"1024\" height=\"819\" data-id=\"95948\" src=\"https:\/\/www.casadecampo.com.do\/wp-content\/smush-webp\/2023\/11\/BFA_52376_7560424-scaled-1-1024x819.jpg.webp\" alt=\"A couple posing on the Latin American Fashion Awards Red Carpet at Altos de Chavon\" class=\"wp-image-95948\" srcset=\"https:\/\/www.casadecampo.com.do\/wp-content\/smush-webp\/2023\/11\/BFA_52376_7560424-scaled-1-1024x819.jpg.webp 1024w, https:\/\/www.casadecampo.com.do\/wp-content\/smush-webp\/2023\/11\/BFA_52376_7560424-scaled-1-300x240.jpg.webp 300w, https:\/\/www.casadecampo.com.do\/wp-content\/smush-webp\/2023\/11\/BFA_52376_7560424-scaled-1-768x614.jpg.webp 768w, https:\/\/www.casadecampo.com.do\/wp-content\/smush-webp\/2023\/11\/BFA_52376_7560424-scaled-1-1536x1229.jpg.webp 1536w, https:\/\/www.casadecampo.com.do\/wp-content\/smush-webp\/2023\/11\/BFA_52376_7560424-scaled-1-2048x1638.jpg.webp 2048w\" sizes=\"auto, (max-width: 1024px) 100vw, 1024px\" \/><\/figure>\n\n\n\n<figure class=\"wp-block-image size-large\"><img loading=\"lazy\" decoding=\"async\" width=\"1024\" height=\"819\" data-id=\"95950\" src=\"https:\/\/www.casadecampo.com.do\/wp-content\/smush-webp\/2023\/11\/BFA_52376_7560429-scaled-1-1024x819.jpg.webp\" alt=\"Elena Rose at the Latin American Fashion Awards Red Carpet at Altos de Chavon\" class=\"wp-image-95950\" srcset=\"https:\/\/www.casadecampo.com.do\/wp-content\/smush-webp\/2023\/11\/BFA_52376_7560429-scaled-1-1024x819.jpg.webp 1024w, https:\/\/www.casadecampo.com.do\/wp-content\/smush-webp\/2023\/11\/BFA_52376_7560429-scaled-1-300x240.jpg.webp 300w, https:\/\/www.casadecampo.com.do\/wp-content\/smush-webp\/2023\/11\/BFA_52376_7560429-scaled-1-768x614.jpg.webp 768w, https:\/\/www.casadecampo.com.do\/wp-content\/smush-webp\/2023\/11\/BFA_52376_7560429-scaled-1-1536x1229.jpg.webp 1536w, https:\/\/www.casadecampo.com.do\/wp-content\/smush-webp\/2023\/11\/BFA_52376_7560429-scaled-1-2048x1638.jpg.webp 2048w\" sizes=\"auto, (max-width: 1024px) 100vw, 1024px\" \/><\/figure>\n\n\n\n<figure class=\"wp-block-image size-large\"><img loading=\"lazy\" decoding=\"async\" width=\"1024\" height=\"819\" data-id=\"95962\" src=\"https:\/\/www.casadecampo.com.do\/wp-content\/smush-webp\/2023\/11\/BFA_52376_7560550-scaled-1-1024x819.jpg.webp\" alt=\"Becky G and Luis Gerardo M&#xE9;ndez making an announcement at the Latin American Fashion Awards Ceremony\" class=\"wp-image-95962\" srcset=\"https:\/\/www.casadecampo.com.do\/wp-content\/smush-webp\/2023\/11\/BFA_52376_7560550-scaled-1-1024x819.jpg.webp 1024w, https:\/\/www.casadecampo.com.do\/wp-content\/smush-webp\/2023\/11\/BFA_52376_7560550-scaled-1-300x240.jpg.webp 300w, https:\/\/www.casadecampo.com.do\/wp-content\/smush-webp\/2023\/11\/BFA_52376_7560550-scaled-1-768x614.jpg.webp 768w, https:\/\/www.casadecampo.com.do\/wp-content\/smush-webp\/2023\/11\/BFA_52376_7560550-scaled-1-1536x1229.jpg.webp 1536w, https:\/\/www.casadecampo.com.do\/wp-content\/smush-webp\/2023\/11\/BFA_52376_7560550-scaled-1-2048x1638.jpg.webp 2048w\" sizes=\"auto, (max-width: 1024px) 100vw, 1024px\" \/><\/figure>\n\n\n\n<figure class=\"wp-block-image size-large\"><img loading=\"lazy\" decoding=\"async\" width=\"1024\" height=\"819\" data-id=\"95952\" src=\"https:\/\/www.casadecampo.com.do\/wp-content\/smush-webp\/2023\/11\/BFA_52376_7560454-scaled-1-1024x819.jpg.webp\" alt=\"okischa on the red carpet at the 2025 Latin American Fashion Awards\" class=\"wp-image-95952\" srcset=\"https:\/\/www.casadecampo.com.do\/wp-content\/smush-webp\/2023\/11\/BFA_52376_7560454-scaled-1-1024x819.jpg.webp 1024w, https:\/\/www.casadecampo.com.do\/wp-content\/smush-webp\/2023\/11\/BFA_52376_7560454-scaled-1-300x240.jpg.webp 300w, https:\/\/www.casadecampo.com.do\/wp-content\/smush-webp\/2023\/11\/BFA_52376_7560454-scaled-1-768x614.jpg.webp 768w, https:\/\/www.casadecampo.com.do\/wp-content\/smush-webp\/2023\/11\/BFA_52376_7560454-scaled-1-1536x1229.jpg.webp 1536w, https:\/\/www.casadecampo.com.do\/wp-content\/smush-webp\/2023\/11\/BFA_52376_7560454-scaled-1-2048x1638.jpg.webp 2048w\" sizes=\"auto, (max-width: 1024px) 100vw, 1024px\" \/><\/figure>\n\n\n\n<figure class=\"wp-block-image size-large\"><img loading=\"lazy\" decoding=\"async\" width=\"1024\" height=\"819\" data-id=\"95954\" src=\"https:\/\/www.casadecampo.com.do\/wp-content\/smush-webp\/2023\/11\/BFA_52376_7560475-scaled-1-1024x819.jpg.webp\" alt=\"Attendee of the 2025 Latin American Fashion Awards Red Carpet and Awards Ceremony at Altos de Chavon\" class=\"wp-image-95954\" srcset=\"https:\/\/www.casadecampo.com.do\/wp-content\/smush-webp\/2023\/11\/BFA_52376_7560475-scaled-1-1024x819.jpg.webp 1024w, https:\/\/www.casadecampo.com.do\/wp-content\/smush-webp\/2023\/11\/BFA_52376_7560475-scaled-1-300x240.jpg.webp 300w, https:\/\/www.casadecampo.com.do\/wp-content\/smush-webp\/2023\/11\/BFA_52376_7560475-scaled-1-768x614.jpg.webp 768w, https:\/\/www.casadecampo.com.do\/wp-content\/smush-webp\/2023\/11\/BFA_52376_7560475-scaled-1-1536x1229.jpg.webp 1536w, https:\/\/www.casadecampo.com.do\/wp-content\/smush-webp\/2023\/11\/BFA_52376_7560475-scaled-1-2048x1638.jpg.webp 2048w\" sizes=\"auto, (max-width: 1024px) 100vw, 1024px\" \/><\/figure>\n\n\n\n<figure class=\"wp-block-image size-large\"><img loading=\"lazy\" decoding=\"async\" width=\"1024\" height=\"683\" data-id=\"95974\" src=\"https:\/\/www.casadecampo.com.do\/wp-content\/uploads\/2023\/11\/DSC00987-1024x683.jpg\" alt=\"Winners of the Latin American Fashion Awards at Casa de Campo\" class=\"wp-image-95974\" srcset=\"https:\/\/www.casadecampo.com.do\/wp-content\/uploads\/2023\/11\/DSC00987-1024x683.jpg 1024w, https:\/\/www.casadecampo.com.do\/wp-content\/uploads\/2023\/11\/DSC00987-300x200.jpg 300w, https:\/\/www.casadecampo.com.do\/wp-content\/uploads\/2023\/11\/DSC00987-768x512.jpg 768w\" sizes=\"auto, (max-width: 1024px) 100vw, 1024px\" \/><\/figure>\n\n\n\n<figure class=\"wp-block-image size-large\"><img loading=\"lazy\" decoding=\"async\" width=\"1024\" height=\"819\" data-id=\"95966\" src=\"https:\/\/www.casadecampo.com.do\/wp-content\/smush-webp\/2023\/11\/BFA_52376_7560743-scaled-1-1024x819.jpg.webp\" alt=\"A performance at the 2025 Latin American Fashion Awards at Casa de Campo in La Romana\" class=\"wp-image-95966\" srcset=\"https:\/\/www.casadecampo.com.do\/wp-content\/smush-webp\/2023\/11\/BFA_52376_7560743-scaled-1-1024x819.jpg.webp 1024w, https:\/\/www.casadecampo.com.do\/wp-content\/smush-webp\/2023\/11\/BFA_52376_7560743-scaled-1-300x240.jpg.webp 300w, https:\/\/www.casadecampo.com.do\/wp-content\/smush-webp\/2023\/11\/BFA_52376_7560743-scaled-1-768x614.jpg.webp 768w, https:\/\/www.casadecampo.com.do\/wp-content\/smush-webp\/2023\/11\/BFA_52376_7560743-scaled-1-1536x1229.jpg.webp 1536w, https:\/\/www.casadecampo.com.do\/wp-content\/smush-webp\/2023\/11\/BFA_52376_7560743-scaled-1-2048x1638.jpg.webp 2048w\" sizes=\"auto, (max-width: 1024px) 100vw, 1024px\" \/><\/figure>\n\n\n\n<figure class=\"wp-block-image size-large\"><img loading=\"lazy\" decoding=\"async\" width=\"1024\" height=\"768\" data-id=\"95970\" src=\"https:\/\/www.casadecampo.com.do\/wp-content\/smush-webp\/2023\/11\/BFA_52376_7561807-scaled-1-1024x768.jpg.webp\" alt=\"2025 Latin American Fashion Awards at Altos de Chavon\" class=\"wp-image-95970\" srcset=\"https:\/\/www.casadecampo.com.do\/wp-content\/smush-webp\/2023\/11\/BFA_52376_7561807-scaled-1-1024x768.jpg.webp 1024w, https:\/\/www.casadecampo.com.do\/wp-content\/smush-webp\/2023\/11\/BFA_52376_7561807-scaled-1-300x225.jpg.webp 300w, https:\/\/www.casadecampo.com.do\/wp-content\/smush-webp\/2023\/11\/BFA_52376_7561807-scaled-1-768x576.jpg.webp 768w, https:\/\/www.casadecampo.com.do\/wp-content\/smush-webp\/2023\/11\/BFA_52376_7561807-scaled-1-1536x1152.jpg.webp 1536w, https:\/\/www.casadecampo.com.do\/wp-content\/smush-webp\/2023\/11\/BFA_52376_7561807-scaled-1-2048x1536.jpg.webp 2048w, https:\/\/www.casadecampo.com.do\/wp-content\/smush-webp\/2023\/11\/BFA_52376_7561807-scaled-1-600x450.jpg.webp 600w\" sizes=\"auto, (max-width: 1024px) 100vw, 1024px\" \/><\/figure>\n\n\n\n<figure class=\"wp-block-image size-large\"><img loading=\"lazy\" decoding=\"async\" width=\"1024\" height=\"683\" data-id=\"95944\" src=\"https:\/\/www.casadecampo.com.do\/wp-content\/smush-webp\/2023\/11\/BFA_52376_7561948-scaled-1-1024x683.jpg.webp\" alt=\"Performers at the 2025 Latin American Fashion Awards at Casa de Campo\" class=\"wp-image-95944\" srcset=\"https:\/\/www.casadecampo.com.do\/wp-content\/smush-webp\/2023\/11\/BFA_52376_7561948-scaled-1-1024x683.jpg.webp 1024w, https:\/\/www.casadecampo.com.do\/wp-content\/smush-webp\/2023\/11\/BFA_52376_7561948-scaled-1-300x200.jpg.webp 300w, https:\/\/www.casadecampo.com.do\/wp-content\/smush-webp\/2023\/11\/BFA_52376_7561948-scaled-1-768x512.jpg.webp 768w, https:\/\/www.casadecampo.com.do\/wp-content\/smush-webp\/2023\/11\/BFA_52376_7561948-scaled-1-391x260.jpg.webp 391w, https:\/\/www.casadecampo.com.do\/wp-content\/smush-webp\/2023\/11\/BFA_52376_7561948-scaled-1-1536x1024.jpg.webp 1536w, https:\/\/www.casadecampo.com.do\/wp-content\/smush-webp\/2023\/11\/BFA_52376_7561948-scaled-1-2048x1366.jpg.webp 2048w, https:\/\/www.casadecampo.com.do\/wp-content\/smush-webp\/2023\/11\/BFA_52376_7561948-scaled-1-150x100.jpg.webp 150w, https:\/\/www.casadecampo.com.do\/wp-content\/smush-webp\/2023\/11\/BFA_52376_7561948-scaled-1-600x400.jpg.webp 600w, https:\/\/www.casadecampo.com.do\/wp-content\/smush-webp\/2023\/11\/BFA_52376_7561948-scaled-1-900x600.jpg.webp 900w\" sizes=\"auto, (max-width: 1024px) 100vw, 1024px\" \/><\/figure>\n\n\n\n<figure class=\"wp-block-image size-large\"><img loading=\"lazy\" decoding=\"async\" width=\"1024\" height=\"819\" data-id=\"95964\" src=\"https:\/\/www.casadecampo.com.do\/wp-content\/smush-webp\/2023\/11\/BFA_52376_7560715-scaled-1-1024x819.jpg.webp\" alt=\"Latin American Fashion Awards Red Carpet + Awards Ceremony\" class=\"wp-image-95964\" srcset=\"https:\/\/www.casadecampo.com.do\/wp-content\/smush-webp\/2023\/11\/BFA_52376_7560715-scaled-1-1024x819.jpg.webp 1024w, https:\/\/www.casadecampo.com.do\/wp-content\/smush-webp\/2023\/11\/BFA_52376_7560715-scaled-1-300x240.jpg.webp 300w, https:\/\/www.casadecampo.com.do\/wp-content\/smush-webp\/2023\/11\/BFA_52376_7560715-scaled-1-768x614.jpg.webp 768w, https:\/\/www.casadecampo.com.do\/wp-content\/smush-webp\/2023\/11\/BFA_52376_7560715-scaled-1-1536x1229.jpg.webp 1536w, https:\/\/www.casadecampo.com.do\/wp-content\/smush-webp\/2023\/11\/BFA_52376_7560715-scaled-1-2048x1638.jpg.webp 2048w\" sizes=\"auto, (max-width: 1024px) 100vw, 1024px\" \/><\/figure>\n\n\n\n<figure class=\"wp-block-image size-large\"><img loading=\"lazy\" decoding=\"async\" width=\"1024\" height=\"682\" data-id=\"95976\" src=\"https:\/\/www.casadecampo.com.do\/wp-content\/smush-webp\/2023\/11\/FN3A1495-scaled-1-1024x682.jpg.webp\" alt=\"Performers at the 2025 Latin American Fashion Awards at Casa de Campo in the Dominican Republic\" class=\"wp-image-95976\" srcset=\"https:\/\/www.casadecampo.com.do\/wp-content\/smush-webp\/2023\/11\/FN3A1495-scaled-1-1024x682.jpg.webp 1024w, https:\/\/www.casadecampo.com.do\/wp-content\/smush-webp\/2023\/11\/FN3A1495-scaled-1-300x200.jpg.webp 300w, https:\/\/www.casadecampo.com.do\/wp-content\/smush-webp\/2023\/11\/FN3A1495-scaled-1-768x512.jpg.webp 768w, https:\/\/www.casadecampo.com.do\/wp-content\/smush-webp\/2023\/11\/FN3A1495-scaled-1-391x260.jpg.webp 391w, https:\/\/www.casadecampo.com.do\/wp-content\/smush-webp\/2023\/11\/FN3A1495-scaled-1-1536x1024.jpg.webp 1536w, https:\/\/www.casadecampo.com.do\/wp-content\/smush-webp\/2023\/11\/FN3A1495-scaled-1-2048x1365.jpg.webp 2048w, https:\/\/www.casadecampo.com.do\/wp-content\/smush-webp\/2023\/11\/FN3A1495-scaled-1-150x100.jpg.webp 150w, https:\/\/www.casadecampo.com.do\/wp-content\/smush-webp\/2023\/11\/FN3A1495-scaled-1-600x400.jpg.webp 600w, https:\/\/www.casadecampo.com.do\/wp-content\/smush-webp\/2023\/11\/FN3A1495-scaled-1-900x600.jpg.webp 900w\" sizes=\"auto, (max-width: 1024px) 100vw, 1024px\" \/><\/figure>\n\n\n\n<figure class=\"wp-block-image size-large\"><img loading=\"lazy\" decoding=\"async\" width=\"1024\" height=\"682\" data-id=\"95980\" src=\"https:\/\/www.casadecampo.com.do\/wp-content\/smush-webp\/2023\/11\/Jason-Loida-y-Christian-Kycek-scaled-1-1024x682.jpg.webp\" alt=\"Jason Loida and Christian Kycek at Altos de Chavon\" class=\"wp-image-95980\" srcset=\"https:\/\/www.casadecampo.com.do\/wp-content\/smush-webp\/2023\/11\/Jason-Loida-y-Christian-Kycek-scaled-1-1024x682.jpg.webp 1024w, https:\/\/www.casadecampo.com.do\/wp-content\/smush-webp\/2023\/11\/Jason-Loida-y-Christian-Kycek-scaled-1-300x200.jpg.webp 300w, https:\/\/www.casadecampo.com.do\/wp-content\/smush-webp\/2023\/11\/Jason-Loida-y-Christian-Kycek-scaled-1-768x512.jpg.webp 768w, https:\/\/www.casadecampo.com.do\/wp-content\/smush-webp\/2023\/11\/Jason-Loida-y-Christian-Kycek-scaled-1-391x260.jpg.webp 391w, https:\/\/www.casadecampo.com.do\/wp-content\/smush-webp\/2023\/11\/Jason-Loida-y-Christian-Kycek-scaled-1-1536x1024.jpg.webp 1536w, https:\/\/www.casadecampo.com.do\/wp-content\/smush-webp\/2023\/11\/Jason-Loida-y-Christian-Kycek-scaled-1-2048x1365.jpg.webp 2048w, https:\/\/www.casadecampo.com.do\/wp-content\/smush-webp\/2023\/11\/Jason-Loida-y-Christian-Kycek-scaled-1-150x100.jpg.webp 150w, https:\/\/www.casadecampo.com.do\/wp-content\/smush-webp\/2023\/11\/Jason-Loida-y-Christian-Kycek-scaled-1-600x400.jpg.webp 600w, https:\/\/www.casadecampo.com.do\/wp-content\/smush-webp\/2023\/11\/Jason-Loida-y-Christian-Kycek-scaled-1-900x600.jpg.webp 900w\" sizes=\"auto, (max-width: 1024px) 100vw, 1024px\" \/><\/figure>\n\n\n\n<figure class=\"wp-block-image size-large\"><img loading=\"lazy\" decoding=\"async\" width=\"1024\" height=\"682\" data-id=\"95978\" src=\"https:\/\/www.casadecampo.com.do\/wp-content\/smush-webp\/2023\/11\/FN3A1498-scaled-1-1024x682.jpg.webp\" alt=\"Attendees of the 2025 Latin American Fashion\" class=\"wp-image-95978\" srcset=\"https:\/\/www.casadecampo.com.do\/wp-content\/smush-webp\/2023\/11\/FN3A1498-scaled-1-1024x682.jpg.webp 1024w, https:\/\/www.casadecampo.com.do\/wp-content\/smush-webp\/2023\/11\/FN3A1498-scaled-1-300x200.jpg.webp 300w, https:\/\/www.casadecampo.com.do\/wp-content\/smush-webp\/2023\/11\/FN3A1498-scaled-1-768x512.jpg.webp 768w, https:\/\/www.casadecampo.com.do\/wp-content\/smush-webp\/2023\/11\/FN3A1498-scaled-1-391x260.jpg.webp 391w, https:\/\/www.casadecampo.com.do\/wp-content\/smush-webp\/2023\/11\/FN3A1498-scaled-1-1536x1024.jpg.webp 1536w, https:\/\/www.casadecampo.com.do\/wp-content\/smush-webp\/2023\/11\/FN3A1498-scaled-1-2048x1365.jpg.webp 2048w, https:\/\/www.casadecampo.com.do\/wp-content\/smush-webp\/2023\/11\/FN3A1498-scaled-1-150x100.jpg.webp 150w, https:\/\/www.casadecampo.com.do\/wp-content\/smush-webp\/2023\/11\/FN3A1498-scaled-1-600x400.jpg.webp 600w, https:\/\/www.casadecampo.com.do\/wp-content\/smush-webp\/2023\/11\/FN3A1498-scaled-1-900x600.jpg.webp 900w\" sizes=\"auto, (max-width: 1024px) 100vw, 1024px\" \/><\/figure>\n<\/figure>\n\n<h2 class=\"wp-block-heading has-large-font-size\">Altos de Chav\u00f3n como Gran Escenario<\/h2>\n\n<p>El hist\u00f3rico Anfiteatro de <a href=\"https:\/\/www.casadecampo.com.do\/es\/experiences\/altos-de-chavon\/\">Altos de Chav\u00f3n<\/a> volvi\u00f3 a demostrar por qu\u00e9 es uno de los destinos culturales m\u00e1s emblem\u00e1ticos del Caribe. Su arquitectura mediterr\u00e1nea y su atm\u00f3sfera atemporal elevaron una noche dedicada a la herencia y la creatividad. <\/p>\n\n<h2 class=\"wp-block-heading has-large-font-size\">Actuaciones Memorables<\/h2>\n\n<p>La m\u00fasica brill\u00f3 con fuerza durante la ceremonia:<br\/>Lu\u00edsa Sonza abri\u00f3 la noche con energ\u00eda desbordante.<br\/>Elena Rose la cerr\u00f3 con una presentaci\u00f3n \u00edntima y luminosa.<br\/>Ambas artistas encarnaron la fuerza y sensibilidad del talento latino.<\/p>\n\n<h2 class=\"wp-block-heading has-large-font-size\">Un Tributo a la Mujer<\/h2>\n\n<p>La artista <strong>Raquel Paiewonsky<\/strong> sorprendi\u00f3 con una instalaci\u00f3n escult\u00f3rica en la alfombra roja, simbolizando a la mujer como origen de la vida, la herencia y la creatividad. <\/p>\n\n<h2 class=\"wp-block-heading has-large-font-size\">Celebrando la excelencia: Lo m\u00e1s destacado de los ganadores<\/h2>\n\n<p>La ceremonia reconoci\u00f3 a los mejores talentos en 17 categor\u00edas, destacando tanto a l\u00edderes consagrados como a las nuevas generaciones.<\/p>\n\n<p>Entre los momentos m\u00e1s aplaudidos:<br\/>\u2022 Fashion Icon of the Year: Maluma, por su influencia global y su estilo sin l\u00edmites.<br\/>\u2022 Carmen Busquets Couture Prize: Ra\u00fal L\u00f3pez (LUAR), por impulsar la alta costura latinoamericana hacia nuevos horizontes.<br\/>\u2022 Brand of the Year: Agua by Agua Bendita, por su narrativa inspirada en la herencia y la sostenibilidad.<br\/>\u2022 Model of the Year: Paloma Elsesser, homenajeada por Tokischa en un momento profundamente emotivo.<br\/>\u2022 Fashion Photographer of the Year: Renell Medrano, reconocida por retratar a una nueva generaci\u00f3n de \u00edconos desde una perspectiva \u00edntima y cinematogr\u00e1fica.<br\/>La lista completa de premiados reafirm\u00f3 la riqueza, diversidad y fuerza creativa del talento latinoamerica<\/p>\n\n<p>Casa de Campo reafirm\u00f3 su papel como el escenario ideal para celebrar lo mejor de la moda y la cultura latinoamericana: un lugar donde la herencia se honra, la creatividad florece y el futuro del talento latino se proyecta con m\u00e1s fuerza que nunca.<\/p>\n","protected":false},"excerpt":{"rendered":"<p>La segunda edici\u00f3n de los Latin American Fashion Awards regres\u00f3 a Casa de Campo con un brillo incomparable, reuniendo a \u00edconos globales, dise\u00f1adores consagrados y nuevas voces creativas en una velada inolvidable en la Rep\u00fablica Dominicana. Bajo la presidencia de Donatella Versace, el evento celebr\u00f3 la tem\u00e1tica \u201cHot by Heritage\u201d, un homenaje vibrante a las [&hellip;]<\/p>\n","protected":false},"author":7,"featured_media":95971,"comment_status":"closed","ping_status":"closed","sticky":false,"template":"","format":"standard","meta":{"_acf_changed":false,"footnotes":""},"categories":[175],"tags":[],"class_list":["post-95983","post","type-post","status-publish","format-standard","has-post-thumbnail","hentry","category-blog-2"],"acf":[],"yoast_head":"<!-- This site is optimized with the Yoast SEO plugin v27.2 - https:\/\/yoast.com\/product\/yoast-seo-wordpress\/ -->\n<title>Latin American Fashion Awards 2025: Una noche de herencia, creatividad y glamour global en Casa de Campo | Casa de Campo<\/title>\n<meta name=\"description\" content=\"Casa de Campo y Altos de Chav\u00f3n albergaron los Premios de Moda Latinoamericana 2025. Liderados por Donatella Versace. Explora la creatividad ahora.\" \/>\n<meta name=\"robots\" content=\"index, follow, max-snippet:-1, max-image-preview:large, max-video-preview:-1\" \/>\n<link rel=\"canonical\" href=\"https:\/\/www.casadecampo.com.do\/es\/blog\/2025\/11\/24\/latin-american-fashion-awards-2025-at-casa-de-campo\/\" \/>\n<meta property=\"og:locale\" content=\"es_ES\" \/>\n<meta property=\"og:type\" content=\"article\" \/>\n<meta property=\"og:title\" content=\"Latin American Fashion Awards 2025: Una noche de herencia, creatividad y glamour global en Casa de Campo | Casa de Campo\" \/>\n<meta property=\"og:description\" content=\"Casa de Campo y Altos de Chav\u00f3n albergaron los Premios de Moda Latinoamericana 2025. Liderados por Donatella Versace. Explora la creatividad ahora.\" \/>\n<meta property=\"og:url\" content=\"https:\/\/www.casadecampo.com.do\/es\/blog\/2025\/11\/24\/latin-american-fashion-awards-2025-at-casa-de-campo\/\" \/>\n<meta property=\"og:site_name\" content=\"Casa de Campo\" \/>\n<meta property=\"article:published_time\" content=\"2025-11-24T20:42:00+00:00\" \/>\n<meta property=\"article:modified_time\" content=\"2026-04-01T13:59:14+00:00\" \/>\n<meta property=\"og:image\" content=\"https:\/\/www.casadecampo.com.do\/wp-content\/uploads\/2023\/11\/BFA_52376_7561807-scaled-1.jpg\" \/>\n\t<meta property=\"og:image:width\" content=\"2560\" \/>\n\t<meta property=\"og:image:height\" content=\"1920\" \/>\n\t<meta property=\"og:image:type\" content=\"image\/jpeg\" \/>\n<meta name=\"author\" content=\"Julie Anderson\" \/>\n<meta name=\"twitter:card\" content=\"summary_large_image\" \/>\n<meta name=\"twitter:label1\" content=\"Escrito por\" \/>\n\t<meta name=\"twitter:data1\" content=\"Julie Anderson\" \/>\n\t<meta name=\"twitter:label2\" content=\"Tiempo de lectura\" \/>\n\t<meta name=\"twitter:data2\" content=\"6 minutos\" \/>\n<!-- \/ Yoast SEO plugin. -->","yoast_head_json":{"title":"Latin American Fashion Awards 2025: Una noche de herencia, creatividad y glamour global en Casa de Campo | Casa de Campo","description":"Casa de Campo y Altos de Chav\u00f3n albergaron los Premios de Moda Latinoamericana 2025. Liderados por Donatella Versace. Explora la creatividad ahora.","robots":{"index":"index","follow":"follow","max-snippet":"max-snippet:-1","max-image-preview":"max-image-preview:large","max-video-preview":"max-video-preview:-1"},"canonical":"https:\/\/www.casadecampo.com.do\/es\/blog\/2025\/11\/24\/latin-american-fashion-awards-2025-at-casa-de-campo\/","og_locale":"es_ES","og_type":"article","og_title":"Latin American Fashion Awards 2025: Una noche de herencia, creatividad y glamour global en Casa de Campo | Casa de Campo","og_description":"Casa de Campo y Altos de Chav\u00f3n albergaron los Premios de Moda Latinoamericana 2025. Liderados por Donatella Versace. Explora la creatividad ahora.","og_url":"https:\/\/www.casadecampo.com.do\/es\/blog\/2025\/11\/24\/latin-american-fashion-awards-2025-at-casa-de-campo\/","og_site_name":"Casa de Campo","article_published_time":"2025-11-24T20:42:00+00:00","article_modified_time":"2026-04-01T13:59:14+00:00","og_image":[{"width":2560,"height":1920,"url":"https:\/\/www.casadecampo.com.do\/wp-content\/uploads\/2023\/11\/BFA_52376_7561807-scaled-1.jpg","type":"image\/jpeg"}],"author":"Julie Anderson","twitter_card":"summary_large_image","twitter_misc":{"Escrito por":"Julie Anderson","Tiempo de lectura":"6 minutos"},"schema":{"@context":"https:\/\/schema.org","@graph":[{"@type":"Article","@id":"https:\/\/www.casadecampo.com.do\/es\/blog\/2025\/11\/24\/latin-american-fashion-awards-2025-at-casa-de-campo\/#article","isPartOf":{"@id":"https:\/\/www.casadecampo.com.do\/es\/blog\/2025\/11\/24\/latin-american-fashion-awards-2025-at-casa-de-campo\/"},"author":{"name":"Julie Anderson","@id":"https:\/\/www.casadecampo.com.do\/es\/#\/schema\/person\/7e5f5170c974b04a48f916d9bc74ac4a"},"headline":"Latin American Fashion Awards 2025: Una noche de herencia, creatividad y glamour global en Casa de Campo","datePublished":"2025-11-24T20:42:00+00:00","dateModified":"2026-04-01T13:59:14+00:00","mainEntityOfPage":{"@id":"https:\/\/www.casadecampo.com.do\/es\/blog\/2025\/11\/24\/latin-american-fashion-awards-2025-at-casa-de-campo\/"},"wordCount":402,"publisher":{"@id":"https:\/\/www.casadecampo.com.do\/es\/#organization"},"image":{"@id":"https:\/\/www.casadecampo.com.do\/es\/blog\/2025\/11\/24\/latin-american-fashion-awards-2025-at-casa-de-campo\/#primaryimage"},"thumbnailUrl":"https:\/\/www.casadecampo.com.do\/wp-content\/uploads\/2023\/11\/BFA_52376_7561807-scaled-1.jpg","articleSection":["Blog"],"inLanguage":"es"},{"@type":"WebPage","@id":"https:\/\/www.casadecampo.com.do\/es\/blog\/2025\/11\/24\/latin-american-fashion-awards-2025-at-casa-de-campo\/","url":"https:\/\/www.casadecampo.com.do\/es\/blog\/2025\/11\/24\/latin-american-fashion-awards-2025-at-casa-de-campo\/","name":"Latin American Fashion Awards 2025: Una noche de herencia, creatividad y glamour global en Casa de Campo | Casa de Campo","isPartOf":{"@id":"https:\/\/www.casadecampo.com.do\/es\/#website"},"primaryImageOfPage":{"@id":"https:\/\/www.casadecampo.com.do\/es\/blog\/2025\/11\/24\/latin-american-fashion-awards-2025-at-casa-de-campo\/#primaryimage"},"image":{"@id":"https:\/\/www.casadecampo.com.do\/es\/blog\/2025\/11\/24\/latin-american-fashion-awards-2025-at-casa-de-campo\/#primaryimage"},"thumbnailUrl":"https:\/\/www.casadecampo.com.do\/wp-content\/uploads\/2023\/11\/BFA_52376_7561807-scaled-1.jpg","datePublished":"2025-11-24T20:42:00+00:00","dateModified":"2026-04-01T13:59:14+00:00","description":"Casa de Campo y Altos de Chav\u00f3n albergaron los Premios de Moda Latinoamericana 2025. Liderados por Donatella Versace. Explora la creatividad ahora.","breadcrumb":{"@id":"https:\/\/www.casadecampo.com.do\/es\/blog\/2025\/11\/24\/latin-american-fashion-awards-2025-at-casa-de-campo\/#breadcrumb"},"inLanguage":"es","potentialAction":[{"@type":"ReadAction","target":["https:\/\/www.casadecampo.com.do\/es\/blog\/2025\/11\/24\/latin-american-fashion-awards-2025-at-casa-de-campo\/"]}]},{"@type":"ImageObject","inLanguage":"es","@id":"https:\/\/www.casadecampo.com.do\/es\/blog\/2025\/11\/24\/latin-american-fashion-awards-2025-at-casa-de-campo\/#primaryimage","url":"https:\/\/www.casadecampo.com.do\/wp-content\/uploads\/2023\/11\/BFA_52376_7561807-scaled-1.jpg","contentUrl":"https:\/\/www.casadecampo.com.do\/wp-content\/uploads\/2023\/11\/BFA_52376_7561807-scaled-1.jpg","width":2560,"height":1920,"caption":"2025 Latin American Fashion Awards at Altos de Chavon"},{"@type":"BreadcrumbList","@id":"https:\/\/www.casadecampo.com.do\/es\/blog\/2025\/11\/24\/latin-american-fashion-awards-2025-at-casa-de-campo\/#breadcrumb","itemListElement":[{"@type":"ListItem","position":1,"name":"Inicio","item":"https:\/\/www.casadecampo.com.do\/es\/"},{"@type":"ListItem","position":2,"name":"Latin American Fashion Awards 2025: Una noche de herencia, creatividad y glamour global en Casa de Campo"}]},{"@type":"WebSite","@id":"https:\/\/www.casadecampo.com.do\/es\/#website","url":"https:\/\/www.casadecampo.com.do\/es\/","name":"Casa de Campo","description":"The most exclusive resort in the Caribbean","publisher":{"@id":"https:\/\/www.casadecampo.com.do\/es\/#organization"},"potentialAction":[{"@type":"SearchAction","target":{"@type":"EntryPoint","urlTemplate":"https:\/\/www.casadecampo.com.do\/es\/?s={search_term_string}"},"query-input":{"@type":"PropertyValueSpecification","valueRequired":true,"valueName":"search_term_string"}}],"inLanguage":"es"},{"@type":"Organization","@id":"https:\/\/www.casadecampo.com.do\/es\/#organization","name":"Casa de Campo Resort & Villas","url":"https:\/\/www.casadecampo.com.do\/es\/","logo":{"@type":"ImageObject","inLanguage":"es","@id":"https:\/\/www.casadecampo.com.do\/es\/#\/schema\/logo\/image\/","url":"https:\/\/www.casadecampo.com.do\/wp-content\/uploads\/2025\/09\/cdc-favicon.png","contentUrl":"https:\/\/www.casadecampo.com.do\/wp-content\/uploads\/2025\/09\/cdc-favicon.png","width":1024,"height":1009,"caption":"Casa de Campo Resort & Villas"},"image":{"@id":"https:\/\/www.casadecampo.com.do\/es\/#\/schema\/logo\/image\/"}},{"@type":"Person","@id":"https:\/\/www.casadecampo.com.do\/es\/#\/schema\/person\/7e5f5170c974b04a48f916d9bc74ac4a","name":"Julie Anderson","image":{"@type":"ImageObject","inLanguage":"es","@id":"https:\/\/secure.gravatar.com\/avatar\/b88ab6eb62f9bf9a61fd62877ed2028a6570e45c27acf89a78f80d122fee08b5?s=96&d=mm&r=g","url":"https:\/\/secure.gravatar.com\/avatar\/b88ab6eb62f9bf9a61fd62877ed2028a6570e45c27acf89a78f80d122fee08b5?s=96&d=mm&r=g","contentUrl":"https:\/\/secure.gravatar.com\/avatar\/b88ab6eb62f9bf9a61fd62877ed2028a6570e45c27acf89a78f80d122fee08b5?s=96&d=mm&r=g","caption":"Julie Anderson"}}]}},"_links":{"self":[{"href":"https:\/\/www.casadecampo.com.do\/es\/wp-json\/wp\/v2\/posts\/95983","targetHints":{"allow":["GET"]}}],"collection":[{"href":"https:\/\/www.casadecampo.com.do\/es\/wp-json\/wp\/v2\/posts"}],"about":[{"href":"https:\/\/www.casadecampo.com.do\/es\/wp-json\/wp\/v2\/types\/post"}],"author":[{"embeddable":true,"href":"https:\/\/www.casadecampo.com.do\/es\/wp-json\/wp\/v2\/users\/7"}],"replies":[{"embeddable":true,"href":"https:\/\/www.casadecampo.com.do\/es\/wp-json\/wp\/v2\/comments?post=95983"}],"version-history":[{"count":0,"href":"https:\/\/www.casadecampo.com.do\/es\/wp-json\/wp\/v2\/posts\/95983\/revisions"}],"wp:featuredmedia":[{"embeddable":true,"href":"https:\/\/www.casadecampo.com.do\/es\/wp-json\/wp\/v2\/media\/95971"}],"wp:attachment":[{"href":"https:\/\/www.casadecampo.com.do\/es\/wp-json\/wp\/v2\/media?parent=95983"}],"wp:term":[{"taxonomy":"category","embeddable":true,"href":"https:\/\/www.casadecampo.com.do\/es\/wp-json\/wp\/v2\/categories?post=95983"},{"taxonomy":"post_tag","embeddable":true,"href":"https:\/\/www.casadecampo.com.do\/es\/wp-json\/wp\/v2\/tags?post=95983"}],"curies":[{"name":"wp","href":"https:\/\/api.w.org\/{rel}","templated":true}]}}