{"id":85151,"date":"2022-10-12T19:35:53","date_gmt":"2022-10-12T23:35:53","guid":{"rendered":"https:\/\/casadecampodev.wpenginepowered.com\/blog\/celebrating-40-years-of-legendary-performances\/"},"modified":"2025-12-23T18:37:42","modified_gmt":"2025-12-23T22:37:42","slug":"celebrating-40-years-of-legendary-performances","status":"publish","type":"post","link":"https:\/\/www.casadecampo.com.do\/es\/blog\/2022\/10\/12\/celebrating-40-years-of-legendary-performances\/","title":{"rendered":"Celebrando 40 a\u00f1os de presentaciones legendarias"},"content":{"rendered":"<p><\/p>\n<h2 style=\"text-align: center;\"><strong>CASA DE CAMPO\u00ae RESORT &amp; VILLAS CELEBRA 40 A\u00d1OS DE ESPECT\u00c1CULOS LEGENDARIOS EN EL ANFITEATRO ALTOS DE CHAV\u00d3N<\/strong><\/h2>\n<h3 style=\"text-align: center;\"><em>Algunas de estas hist\u00f3ricas actuaciones incluyen a Frank Sinatra, Elton John, Gloria Estefan, y muchos m\u00e1s.\u00a0<\/em><\/h3>\n<p>En <em><strong>Casa de Campo\u00ae Resort &amp; Villas<\/strong><\/em> nos emociona celebrar el 40 aniversario del Anfiteatro Altos de Chav\u00f3n. Este teatro al aire libre con capacidad para 5,000 personas, ubicado dentro de nuestra r\u00e9plica de un pueblo mediterr\u00e1neo del siglo XVI ideado por Paramount Pictures, ha celebrado m\u00e1s de 200 espect\u00e1culos y ha recibido a m\u00e1s de 500 artistas e int\u00e9rpretes en los \u00faltimos 40 a\u00f1os.<\/p>\n<p>El 20 de agosto de 1982, el Anfiteatro acogi\u00f3 el especial &#8220;Concierto para las Am\u00e9ricas&#8221; de HBO, encabezado por Frank Sinatra. Dos d\u00edas despu\u00e9s, recibi\u00f3 a Carlos Santana y la banda Heart, y tres a\u00f1os despu\u00e9s, Wilfrido Vargas se convirti\u00f3 en el primer artista dominicano en presentarse en un concierto con entradas agotadas el 26 de abril de 1985. En los a\u00f1os siguientes, el anfiteatro acogi\u00f3 espect\u00e1culos repletos de estrellas de la talla de Elton John, Gloria Estefan, Sting, Andrea Bocelli, Duran Duran, Marc Anthony, Rosal\u00eda y muchos m\u00e1s.<\/p>\n<p>Estamos muy emocionados de celebrar el crecimiento que ha visto el Anfiteatro en los \u00faltimos 40 a\u00f1os. Durante las \u00faltimas cuatro d\u00e9cadas, el Anfiteatro se ha convertido en una parte fundamental de la experiencia de Casa de Campo, y estamos encantados de conmemorar y honrar a todos los artistas, artistas e invitados que han experimentado su magia durante los \u00faltimos 40 a\u00f1os.<\/p>\n<p>Para celebrar este emocionante hito, Casa de Campo\u00ae Resort &amp; Villas realizar\u00e1 una serie de conciertos que recordar\u00e1n los a\u00f1os pasados, con una banda tributo a Frank Sinatra, una exhibici\u00f3n de arte hist\u00f3rico y el regreso del maestro Wilfrido Vargas despu\u00e9s de su primera presentaci\u00f3n hace 37 a\u00f1os.<p><\/p><iframe loading=\"lazy\" title=\"40TH ANNIVERSARY OF ALTOS DE CHAVON\" width=\"500\" height=\"281\" src=\"https:\/\/www.youtube.com\/embed\/gIFWcV4IaxM?feature=oembed\" frameborder=\"0\" allow=\"accelerometer; autoplay; clipboard-write; encrypted-media; gyroscope; picture-in-picture; web-share\" referrerpolicy=\"strict-origin-when-cross-origin\" allowfullscreen><\/iframe><p><\/p><\/p>\n<p><img loading=\"lazy\" decoding=\"async\" width=\"1668\" height=\"873\" class=\"wp-image-60524\" src=\"https:\/\/www.casadecampo.com.do\/wp-content\/uploads\/2022\/10\/Exposicion-Galeria__Facebook.png\" alt=\"\" \/><\/p>\n<p><p><\/p><strong>Exposici\u00f3n de arte 40 Vueltas al Sol (del 21 de octubre al 21 de noviembre):\u00a0 <\/strong>Presentada en la Galer\u00eda de Arte Altos de Chav\u00f3n, los visitantes pueden dar un paseo por el camino de la memoria para admirar carteles originales y \u00fanicos de todas las actuaciones pasadas en el anfiteatro que incluyen a Frank Sinatra, Sting, Heart, Depeche Mode y muchos m\u00e1s. La exhibici\u00f3n incluye un c\u00f3ctel de inauguraci\u00f3n y una proyecci\u00f3n de la pel\u00edcula del concierto de Frank Sinatra<\/p>\n<p><img loading=\"lazy\" decoding=\"async\" class=\"alignnone size-full wp-image-60527\" src=\"https:\/\/www.casadecampo.com.do\/wp-content\/uploads\/2022\/10\/FS_El-Tributo-Fb.png\" alt=\"Sinatra, El Tributo\u201d Concierto\" width=\"1668\" height=\"873\" \/><\/p>\n<p><p><\/p><strong>Concierto \u201cSinatra, el tributo\u201d (22 de octubre):<\/strong> Este concierto tributo al legendario Frank Sinatra, quien inaugur\u00f3 el anfiteatro, ser\u00e1 interpretado por Santo Domingo Pops, una orquesta de Big Band bajo la direcci\u00f3n del productor dominicano Amaury S\u00e1nchez.<\/p>\n<p><img loading=\"lazy\" decoding=\"async\" width=\"1200\" height=\"674\" class=\"wp-image-60520\" src=\"https:\/\/www.casadecampo.com.do\/wp-content\/uploads\/2022\/10\/Anfiteatro.jpg\" alt=\"\" \/><\/p>\n<p><p><\/p><strong>Concierto de Wilfrido Vargas (5 de noviembre): <\/strong>Este l\u00edder de orquesta es uno de los merengueros dominicanos m\u00e1s c\u00e9lebres y fue una pieza clave para convertir el merengue en un fen\u00f3meno mundial. El 5 de noviembre, Wilfrido Vargas regresar\u00e1 al Anfiteatro para interpretar su repertorio de en\u00e9rgico merengue, 37 a\u00f1os despu\u00e9s de su presentaci\u00f3n original.<p><\/p>Meticulosamente dise\u00f1ado por el arquitecto dominicano Jos\u00e9 Antonio Caro y el maestro dise\u00f1ador y director de fotograf\u00eda italiano Roberto Coppa, cada detalle de <a href=\"https:\/\/www.casadecampo.com.do\/es\/experiences\/altos-de-chavon\/\">Altos de Chav\u00f3n<\/a> fue elaborado a mano por artesanos locales, y el anfiteatro no es una excepci\u00f3n. El pueblo es un centro cultural para residentes, turistas y artistas en activo de todo el mundo. Estudios activos para artistas de todos los medios, desde cer\u00e1mica hasta tejido, serigraf\u00eda y todo lo dem\u00e1s, se alinean en las calles empedradas junto a tiendas y boutiques que exhiben sus creaciones \u00fanicas. La Galer\u00eda de Arte presenta obras de destacados artistas dominicanos, as\u00ed como de artistas de todo el mundo, lo que ayuda a fomentar un di\u00e1logo de creatividad e intercambio cultural. Altos de Chav\u00f3n tambi\u00e9n alberga la reconocida <a href=\"https:\/\/chavon.edu.do\/esp\/\">Escuela de Dise\u00f1o de Altos de Chav\u00f3n<\/a>, afiliada a la Escuela de Dise\u00f1o Parsons de Nueva York.<p><\/p><p><\/p><p><\/p><p><\/p><\/p>\n","protected":false},"excerpt":{"rendered":"<p>Acomp\u00e1\u00f1enos a celebrar 40 a\u00f1os de presentaciones legendarias en el anfiteatro Altos de Chav\u00f3n.<\/p>\n","protected":false},"author":13,"featured_media":60520,"comment_status":"closed","ping_status":"closed","sticky":false,"template":"","format":"standard","meta":{"_acf_changed":false,"footnotes":""},"categories":[175],"tags":[],"class_list":["post-85151","post","type-post","status-publish","format-standard","has-post-thumbnail","hentry","category-blog-2"],"acf":[],"yoast_head":"<!-- This site is optimized with the Yoast SEO plugin v27.2 - https:\/\/yoast.com\/product\/yoast-seo-wordpress\/ -->\n<title>Celebrando 40 a\u00f1os de presentaciones legendarias | Casa de Campo<\/title>\n<meta name=\"description\" content=\"Acomp\u00e1\u00f1enos a celebrar 40 a\u00f1os de presentaciones legendarias en el anfiteatro Altos de Chav\u00f3n.\" \/>\n<meta name=\"robots\" content=\"index, follow, max-snippet:-1, max-image-preview:large, max-video-preview:-1\" \/>\n<link rel=\"canonical\" href=\"https:\/\/www.casadecampo.com.do\/es\/blog\/2022\/10\/12\/celebrating-40-years-of-legendary-performances\/\" \/>\n<meta property=\"og:locale\" content=\"es_ES\" \/>\n<meta property=\"og:type\" content=\"article\" \/>\n<meta property=\"og:title\" content=\"Celebrando 40 a\u00f1os de presentaciones legendarias | Casa de Campo\" \/>\n<meta property=\"og:description\" content=\"Acomp\u00e1\u00f1enos a celebrar 40 a\u00f1os de presentaciones legendarias en el anfiteatro Altos de Chav\u00f3n.\" \/>\n<meta property=\"og:url\" content=\"https:\/\/www.casadecampo.com.do\/es\/blog\/2022\/10\/12\/celebrating-40-years-of-legendary-performances\/\" \/>\n<meta property=\"og:site_name\" content=\"Casa de Campo\" \/>\n<meta property=\"article:published_time\" content=\"2022-10-12T23:35:53+00:00\" \/>\n<meta property=\"article:modified_time\" content=\"2025-12-23T22:37:42+00:00\" \/>\n<meta property=\"og:image\" content=\"https:\/\/www.casadecampo.com.do\/wp-content\/uploads\/2022\/10\/Anfiteatro.jpg\" \/>\n\t<meta property=\"og:image:width\" content=\"1200\" \/>\n\t<meta property=\"og:image:height\" content=\"674\" \/>\n\t<meta property=\"og:image:type\" content=\"image\/jpeg\" \/>\n<meta name=\"author\" content=\"Gitti\" \/>\n<meta name=\"twitter:card\" content=\"summary_large_image\" \/>\n<meta name=\"twitter:label1\" content=\"Escrito por\" \/>\n\t<meta name=\"twitter:data1\" content=\"Gitti\" \/>\n\t<meta name=\"twitter:label2\" content=\"Tiempo de lectura\" \/>\n\t<meta name=\"twitter:data2\" content=\"4 minutos\" \/>\n<!-- \/ Yoast SEO plugin. -->","yoast_head_json":{"title":"Celebrando 40 a\u00f1os de presentaciones legendarias | Casa de Campo","description":"Acomp\u00e1\u00f1enos a celebrar 40 a\u00f1os de presentaciones legendarias en el anfiteatro Altos de Chav\u00f3n.","robots":{"index":"index","follow":"follow","max-snippet":"max-snippet:-1","max-image-preview":"max-image-preview:large","max-video-preview":"max-video-preview:-1"},"canonical":"https:\/\/www.casadecampo.com.do\/es\/blog\/2022\/10\/12\/celebrating-40-years-of-legendary-performances\/","og_locale":"es_ES","og_type":"article","og_title":"Celebrando 40 a\u00f1os de presentaciones legendarias | Casa de Campo","og_description":"Acomp\u00e1\u00f1enos a celebrar 40 a\u00f1os de presentaciones legendarias en el anfiteatro Altos de Chav\u00f3n.","og_url":"https:\/\/www.casadecampo.com.do\/es\/blog\/2022\/10\/12\/celebrating-40-years-of-legendary-performances\/","og_site_name":"Casa de Campo","article_published_time":"2022-10-12T23:35:53+00:00","article_modified_time":"2025-12-23T22:37:42+00:00","og_image":[{"width":1200,"height":674,"url":"https:\/\/www.casadecampo.com.do\/wp-content\/uploads\/2022\/10\/Anfiteatro.jpg","type":"image\/jpeg"}],"author":"Gitti","twitter_card":"summary_large_image","twitter_misc":{"Escrito por":"Gitti","Tiempo de lectura":"4 minutos"},"schema":{"@context":"https:\/\/schema.org","@graph":[{"@type":"Article","@id":"https:\/\/www.casadecampo.com.do\/es\/blog\/2022\/10\/12\/celebrating-40-years-of-legendary-performances\/#article","isPartOf":{"@id":"https:\/\/www.casadecampo.com.do\/es\/blog\/2022\/10\/12\/celebrating-40-years-of-legendary-performances\/"},"author":{"name":"Gitti","@id":"https:\/\/www.casadecampo.com.do\/es\/#\/schema\/person\/72a4f228410910dc82653cc3c69fc496"},"headline":"Celebrando 40 a\u00f1os de presentaciones legendarias","datePublished":"2022-10-12T23:35:53+00:00","dateModified":"2025-12-23T22:37:42+00:00","mainEntityOfPage":{"@id":"https:\/\/www.casadecampo.com.do\/es\/blog\/2022\/10\/12\/celebrating-40-years-of-legendary-performances\/"},"wordCount":894,"publisher":{"@id":"https:\/\/www.casadecampo.com.do\/es\/#organization"},"image":{"@id":"https:\/\/www.casadecampo.com.do\/es\/blog\/2022\/10\/12\/celebrating-40-years-of-legendary-performances\/#primaryimage"},"thumbnailUrl":"https:\/\/www.casadecampo.com.do\/wp-content\/uploads\/2022\/10\/Anfiteatro.jpg","articleSection":["Blog"],"inLanguage":"es"},{"@type":"WebPage","@id":"https:\/\/www.casadecampo.com.do\/es\/blog\/2022\/10\/12\/celebrating-40-years-of-legendary-performances\/","url":"https:\/\/www.casadecampo.com.do\/es\/blog\/2022\/10\/12\/celebrating-40-years-of-legendary-performances\/","name":"Celebrando 40 a\u00f1os de presentaciones legendarias | Casa de Campo","isPartOf":{"@id":"https:\/\/www.casadecampo.com.do\/es\/#website"},"primaryImageOfPage":{"@id":"https:\/\/www.casadecampo.com.do\/es\/blog\/2022\/10\/12\/celebrating-40-years-of-legendary-performances\/#primaryimage"},"image":{"@id":"https:\/\/www.casadecampo.com.do\/es\/blog\/2022\/10\/12\/celebrating-40-years-of-legendary-performances\/#primaryimage"},"thumbnailUrl":"https:\/\/www.casadecampo.com.do\/wp-content\/uploads\/2022\/10\/Anfiteatro.jpg","datePublished":"2022-10-12T23:35:53+00:00","dateModified":"2025-12-23T22:37:42+00:00","description":"Acomp\u00e1\u00f1enos a celebrar 40 a\u00f1os de presentaciones legendarias en el anfiteatro Altos de Chav\u00f3n.","breadcrumb":{"@id":"https:\/\/www.casadecampo.com.do\/es\/blog\/2022\/10\/12\/celebrating-40-years-of-legendary-performances\/#breadcrumb"},"inLanguage":"es","potentialAction":[{"@type":"ReadAction","target":["https:\/\/www.casadecampo.com.do\/es\/blog\/2022\/10\/12\/celebrating-40-years-of-legendary-performances\/"]}]},{"@type":"ImageObject","inLanguage":"es","@id":"https:\/\/www.casadecampo.com.do\/es\/blog\/2022\/10\/12\/celebrating-40-years-of-legendary-performances\/#primaryimage","url":"https:\/\/www.casadecampo.com.do\/wp-content\/uploads\/2022\/10\/Anfiteatro.jpg","contentUrl":"https:\/\/www.casadecampo.com.do\/wp-content\/uploads\/2022\/10\/Anfiteatro.jpg","width":1200,"height":674,"caption":"CASA DE CAMPO RESORT & VILLAS CELEBRATES 40 YEARS OF LEGENDARY PERFORMANCES AT ALTOS DE CHAVON AMPHITHEATER"},{"@type":"BreadcrumbList","@id":"https:\/\/www.casadecampo.com.do\/es\/blog\/2022\/10\/12\/celebrating-40-years-of-legendary-performances\/#breadcrumb","itemListElement":[{"@type":"ListItem","position":1,"name":"Inicio","item":"https:\/\/www.casadecampo.com.do\/es\/"},{"@type":"ListItem","position":2,"name":"Celebrando 40 a\u00f1os de presentaciones legendarias"}]},{"@type":"WebSite","@id":"https:\/\/www.casadecampo.com.do\/es\/#website","url":"https:\/\/www.casadecampo.com.do\/es\/","name":"Casa de Campo","description":"The most exclusive resort in the Caribbean","publisher":{"@id":"https:\/\/www.casadecampo.com.do\/es\/#organization"},"potentialAction":[{"@type":"SearchAction","target":{"@type":"EntryPoint","urlTemplate":"https:\/\/www.casadecampo.com.do\/es\/?s={search_term_string}"},"query-input":{"@type":"PropertyValueSpecification","valueRequired":true,"valueName":"search_term_string"}}],"inLanguage":"es"},{"@type":"Organization","@id":"https:\/\/www.casadecampo.com.do\/es\/#organization","name":"Casa de Campo Resort & Villas","url":"https:\/\/www.casadecampo.com.do\/es\/","logo":{"@type":"ImageObject","inLanguage":"es","@id":"https:\/\/www.casadecampo.com.do\/es\/#\/schema\/logo\/image\/","url":"https:\/\/www.casadecampo.com.do\/wp-content\/uploads\/2025\/09\/cdc-favicon.png","contentUrl":"https:\/\/www.casadecampo.com.do\/wp-content\/uploads\/2025\/09\/cdc-favicon.png","width":1024,"height":1009,"caption":"Casa de Campo Resort & Villas"},"image":{"@id":"https:\/\/www.casadecampo.com.do\/es\/#\/schema\/logo\/image\/"}},{"@type":"Person","@id":"https:\/\/www.casadecampo.com.do\/es\/#\/schema\/person\/72a4f228410910dc82653cc3c69fc496","name":"Gitti","image":{"@type":"ImageObject","inLanguage":"es","@id":"https:\/\/secure.gravatar.com\/avatar\/cd85fb5f348674961171f377d78a2ecef0e9dd19da319637869b98ea82ce39dc?s=96&d=mm&r=g","url":"https:\/\/secure.gravatar.com\/avatar\/cd85fb5f348674961171f377d78a2ecef0e9dd19da319637869b98ea82ce39dc?s=96&d=mm&r=g","contentUrl":"https:\/\/secure.gravatar.com\/avatar\/cd85fb5f348674961171f377d78a2ecef0e9dd19da319637869b98ea82ce39dc?s=96&d=mm&r=g","caption":"Gitti"}}]}},"_links":{"self":[{"href":"https:\/\/www.casadecampo.com.do\/es\/wp-json\/wp\/v2\/posts\/85151","targetHints":{"allow":["GET"]}}],"collection":[{"href":"https:\/\/www.casadecampo.com.do\/es\/wp-json\/wp\/v2\/posts"}],"about":[{"href":"https:\/\/www.casadecampo.com.do\/es\/wp-json\/wp\/v2\/types\/post"}],"author":[{"embeddable":true,"href":"https:\/\/www.casadecampo.com.do\/es\/wp-json\/wp\/v2\/users\/13"}],"replies":[{"embeddable":true,"href":"https:\/\/www.casadecampo.com.do\/es\/wp-json\/wp\/v2\/comments?post=85151"}],"version-history":[{"count":0,"href":"https:\/\/www.casadecampo.com.do\/es\/wp-json\/wp\/v2\/posts\/85151\/revisions"}],"wp:featuredmedia":[{"embeddable":true,"href":"https:\/\/www.casadecampo.com.do\/es\/wp-json\/wp\/v2\/media\/60520"}],"wp:attachment":[{"href":"https:\/\/www.casadecampo.com.do\/es\/wp-json\/wp\/v2\/media?parent=85151"}],"wp:term":[{"taxonomy":"category","embeddable":true,"href":"https:\/\/www.casadecampo.com.do\/es\/wp-json\/wp\/v2\/categories?post=85151"},{"taxonomy":"post_tag","embeddable":true,"href":"https:\/\/www.casadecampo.com.do\/es\/wp-json\/wp\/v2\/tags?post=85151"}],"curies":[{"name":"wp","href":"https:\/\/api.w.org\/{rel}","templated":true}]}}