{"id":84965,"date":"2020-04-16T19:21:00","date_gmt":"2020-04-16T23:21:00","guid":{"rendered":"https:\/\/casadecampodev.wpenginepowered.com\/blog\/12"},"modified":"2025-12-23T16:54:41","modified_gmt":"2025-12-23T20:54:41","slug":"a-perspective-on-altos-de-chavon","status":"publish","type":"post","link":"https:\/\/www.casadecampo.com.do\/es\/blog\/2020\/04\/16\/a-perspective-on-altos-de-chavon\/","title":{"rendered":"Altos de Chav\u00f3n &#8211; una perspectiva diferente"},"content":{"rendered":"<h4 style=\"text-align: center;\">Altos de Chav\u00f3n es tan rom\u00e1ntico como inolvidable<\/h4>\n<p>Posiblemente la atracci\u00f3n hist\u00f3rica m\u00e1s popular en La Romana, Altos de Chav\u00f3n se alza sobre una meseta con vista al <a href=\"https:\/\/en.wikipedia.org\/wiki\/Chav%C3%B3n_River\" target=\"_blank\" rel=\"noopener\">r\u00edo Chav\u00f3n.<\/a><\/p>\n<p>Su aspecto de pueblo mediterr\u00e1neo del siglo XVI fue concebido por el escen\u00f3grafo italiano Roberto Coppa, quien supervis\u00f3 de cerca su construcci\u00f3n, cuidando la colocaci\u00f3n de cada piedra. El estilo era de Coppa, pero fue la visi\u00f3n y el apoyo del industrial estadounidense <a href=\"https:\/\/en.wikipedia.org\/wiki\/Charles_Bluhdorn\" target=\"_blank\" rel=\"noopener\">Charles Bluhdorn<\/a> la que convirti\u00f3 este lugar en un tributo vivo y duradero al arte, la cultura y la educaci\u00f3n de la Rep\u00fablica Dominicana.<\/p>\n<p><img loading=\"lazy\" decoding=\"async\" class=\"aligncenter wp-image-47612 size-medium\" src=\"https:\/\/www.casadecampo.com.do\/wp-content\/uploads\/2020\/04\/Yvette-Bluhdorn_Rio-Chavon_c1976.jpg\" alt=\"Overlooking the Chav\u00f3n River at Casa de Campo\" width=\"300\" height=\"206\" \/>Cuenta la leyenda que el proyecto comenz\u00f3 en 1976, cuando la construcci\u00f3n de una carretera cerca del r\u00edo Chav\u00f3n explot\u00f3 y se convirti\u00f3 en una monta\u00f1a de piedra. En ese momento, la empresa estadounidense <a href=\"https:\/\/en.wikipedia.org\/wiki\/Gulf_and_Western_Industries\" target=\"_blank\" rel=\"noopener\">Gulf + Western Industries<\/a> era due\u00f1a de la propiedad <a href=\"https:\/\/www.casadecampo.com.do\/es\/experiences\/altos-de-chavon\/\">Altos de Chav\u00f3n<\/a>, y Bluhdorn, su presidente y CEO, tuvo la idea de utilizar las piedras creadas por la explosi\u00f3n para construir una aldea. Se imagin\u00f3 creando una villa de artistas al estilo de St. Paul de Vence, en el sur de Francia. Y as\u00ed comenz\u00f3 la construcci\u00f3n, y se complet\u00f3 a principios de la d\u00e9cada de 1980.<\/p>\n<p><img loading=\"lazy\" decoding=\"async\" class=\"aligncenter wp-image-47614 size-medium\" src=\"https:\/\/www.casadecampo.com.do\/wp-content\/uploads\/2020\/04\/CdC_History_Chavon_Amphitheatre_1.jpg\" alt=\"Altos de Chav\u00f3n Amphitheater at Casa de Campo \" width=\"300\" height=\"205\" \/><\/p>\n<p>Aunque G+W vendi\u00f3 sus activos dominicanos a un consorcio en 1983, la hija de Charles Bluhdorn, Dominique, se qued\u00f3 y hoy es la presidenta de la Fundaci\u00f3n Centro Cultural Altos de Chav\u00f3n, una organizaci\u00f3n ben\u00e9fica que comprende una galer\u00eda de arte, un programa de artistas en residencia, el Museo Regional de Arqueolog\u00eda Altos de Chav\u00f3n y la Escuela de Dise\u00f1o de Chav\u00f3n. El campus de la escuela La Romana, en Altos de Chav\u00f3n, es donde se ense\u00f1an bellas artes y cine. El otro campus de la escuela, ubicado en la ciudad capital de Santo Domingo, es el sitio para estudios de dise\u00f1o de moda, dise\u00f1o de interiores y dise\u00f1o de comunicaci\u00f3n. La Escuela de Dise\u00f1o est\u00e1 afiliada a la <a href=\"https:\/\/en.wikipedia.org\/wiki\/Parsons_School_of_Design\" target=\"_blank\" rel=\"noopener\">Escuela de Dise\u00f1o Parsons<\/a> en Nueva York desde 1983.<\/p>\n<p><img loading=\"lazy\" decoding=\"async\" class=\"aligncenter wp-image-47618 size-medium\" src=\"https:\/\/www.casadecampo.com.do\/wp-content\/uploads\/2020\/04\/Altos-de-Chavon-School-of-Design-2-3.jpg\" alt=\"Chav\u00f3n School of Design at Casa de Campo\" width=\"300\" height=\"200\" \/><\/p>\n<p>Para conocer realmente Altos de Chav\u00f3n, deambule por sus estrechos senderos de adoquines, mirando las paredes de estuco, las linternas de hierro forjado, los exuberantes jardines y las enredaderas en flor que escalan paredes enrejadas y arcos en lo alto. Descubra sus peque\u00f1os caf\u00e9s y restaurantes internacionales, y visite las tiendas de artesan\u00edas, donde podr\u00e1 encontrar piezas econ\u00f3micas y joyas finas, adem\u00e1s del trabajo de artesanos locales. No se pierda la galer\u00eda de arte, que exhibe el trabajo de artistas y estudiantes invitados de la Escuela de Dise\u00f1o, o la colecci\u00f3n de artefactos precolombinos del Museo Regional de Arqueolog\u00eda, desenterrados en las \u00e1reas circundantes.<\/p>\n<p>Chav\u00f3n tambi\u00e9n cuenta con tres talleres de artesan\u00eda: uno para objetos de cer\u00e1mica tanto utilitarios como decorativos, un estudio de tejido, donde el algod\u00f3n nativo se coloca en manteles, manteles, alfombras, bolsos y tapices, y un taller de serigraf\u00eda, donde las camisetas se adornan con dise\u00f1os y los artistas pueden producir m\u00faltiples piezas de su trabajo. Los tres talleres est\u00e1n abiertos al p\u00fablico.<\/p>\n<p>Un espacio con valor arquitect\u00f3nico en la comunidad es la hermosa Iglesia de <a href=\"https:\/\/es.wikipedia.org\/wiki\/Estanislao_de_Cracovia\">San Estanislao<\/a>, que lleva el nombre del santo patr\u00f3n de Polonia en homenaje al <a href=\"https:\/\/es.wikipedia.org\/wiki\/Juan_Pablo_II\">Papa Juan Pablo II<\/a>, quien visit\u00f3 <a href=\"https:\/\/es.wikipedia.org\/wiki\/Santo_Domingo\">Santo Domingo<\/a> en 1979 y regal\u00f3 una reliquia del santo a la iglesia. La iglesia da a la Fuente de los Cuatro Leones y a una plaza de mosaicos de piedra de r\u00edo que es un lugar <a href=\"https:\/\/www.casadecampo.com.do\/es\/weddings\/ceremony-options\/\">popular para bodas<\/a>. En esta iglesia, el 6 de noviembre de 2004, el pr\u00edncipe espa\u00f1ol <a href=\"https:\/\/es.wikipedia.org\/wiki\/Luis_Alfonso_de_Borb%C3%B3n\">Luis Alfonso de Borb\u00f3n, duque de Anjou<\/a>, se cas\u00f3 con la heredera venezolana <a href=\"https:\/\/es.wikipedia.org\/wiki\/Mar%C3%ADa_Margarita_Vargas_Santaella\">Mar\u00eda Margarita de Vargas y Santaella<\/a>.<\/p>\n<p><img loading=\"lazy\" decoding=\"async\" class=\"aligncenter wp-image-34077 size-medium\" src=\"https:\/\/www.casadecampo.com.do\/wp-content\/uploads\/2019\/04\/Chavon-Church-wedding.jpg\" alt=\"St. Stanislaus Church Wedding Venue\" width=\"300\" height=\"200\" \/>El sorprendente anfiteatro de 5,000 asientos de Chav\u00f3n ha tenido una ilustre lista de actos musicales. Sinatra y Santana inauguraron el lugar en 1982, y desde entonces artistas de la talla de The Pet Shop Boys, Sting, Caetano Veloso, Charles Aznavour y Julio Iglesias, por nombrar algunos, han pasado por all\u00ed.<\/p>\n<p><img loading=\"lazy\" decoding=\"async\" class=\"size-medium wp-image-44168 aligncenter\" src=\"https:\/\/www.casadecampo.com.do\/wp-content\/uploads\/2019\/09\/altos-de-chavon-concert.jpg\" alt=\"Altos de Chavon Concert\" width=\"300\" height=\"169\" \/>Para la vida nocturna est\u00e1 Genesis, la discoteca de Altos de Chav\u00f3n, un lugar popular para visitantes, residentes de villas y hu\u00e9spedes de Casa de Campo. Completando la escena musical de la noche est\u00e1n Onno\u2019s y Good Vibes, abiertos hasta altas horas de la madrugada.<\/p>\n<p><img loading=\"lazy\" decoding=\"async\" class=\"aligncenter wp-image-29521 size-medium\" src=\"https:\/\/www.casadecampo.com.do\/wp-content\/uploads\/2025\/10\/genesis-night-club-pics-october-2016-42-1350x760-300x169-1.jpg\" alt=\"Genesis, The Altos de Chav\u00f3n Discotheque\" width=\"300\" height=\"169\" \/>Altos de Chav\u00f3n es indudablemente pintoresco, con su vista panor\u00e1mica del r\u00edo Chav\u00f3n, los ondulantes greens del campo de golf Dye Fore de Casa de Campo y las monta\u00f1as en la distancia. En el fresco rubor de la luz del amanecer y en el suave calor del resplandor carmes\u00ed del atardecer, <a href=\"https:\/\/www.casadecampo.com.do\/es\/weddings\/services\/\">Altos de Chav\u00f3n es tan rom\u00e1ntico como inolvidable<\/a>.<\/p>\n<p><img loading=\"lazy\" decoding=\"async\" class=\"wp-image-42480 size-medium aligncenter\" src=\"https:\/\/www.casadecampo.com.do\/wp-content\/uploads\/2019\/07\/drone-cdc-altos-de-chavon-vert.jpg\" alt=\"Altos de Chavon Aerial View\" width=\"200\" height=\"300\" \/><\/p>\n","protected":false},"excerpt":{"rendered":"<p>Altos de Chav\u00f3n es tan rom\u00e1ntico como inolvidable Posiblemente la atracci\u00f3n hist\u00f3rica m\u00e1s popular en La Romana, Altos de Chav\u00f3n se alza sobre una meseta con vista al r\u00edo Chav\u00f3n. Su aspecto de pueblo mediterr\u00e1neo del siglo XVI fue concebido por el escen\u00f3grafo italiano Roberto Coppa, quien supervis\u00f3 de cerca su construcci\u00f3n, cuidando la colocaci\u00f3n [&hellip;]<\/p>\n","protected":false},"author":13,"featured_media":84966,"comment_status":"closed","ping_status":"closed","sticky":false,"template":"","format":"standard","meta":{"_acf_changed":false,"footnotes":""},"categories":[175],"tags":[],"class_list":["post-84965","post","type-post","status-publish","format-standard","has-post-thumbnail","hentry","category-blog-2"],"acf":[],"yoast_head":"<!-- This site is optimized with the Yoast SEO plugin v27.2 - https:\/\/yoast.com\/product\/yoast-seo-wordpress\/ -->\n<title>Altos de Chav\u00f3n - una perspectiva diferente | Casa de Campo<\/title>\n<meta name=\"description\" content=\"Posiblemente la atracci\u00f3n hist\u00f3rica m\u00e1s popular en La Romana, Altos de Chav\u00f3n se alza sobre una meseta con vista al r\u00edo Chav\u00f3n.\" \/>\n<meta name=\"robots\" content=\"index, follow, max-snippet:-1, max-image-preview:large, max-video-preview:-1\" \/>\n<link rel=\"canonical\" href=\"https:\/\/www.casadecampo.com.do\/es\/blog\/2020\/04\/16\/a-perspective-on-altos-de-chavon\/\" \/>\n<meta property=\"og:locale\" content=\"es_ES\" \/>\n<meta property=\"og:type\" content=\"article\" \/>\n<meta property=\"og:title\" content=\"Altos de Chav\u00f3n - una perspectiva diferente | Casa de Campo\" \/>\n<meta property=\"og:description\" content=\"Posiblemente la atracci\u00f3n hist\u00f3rica m\u00e1s popular en La Romana, Altos de Chav\u00f3n se alza sobre una meseta con vista al r\u00edo Chav\u00f3n.\" \/>\n<meta property=\"og:url\" content=\"https:\/\/www.casadecampo.com.do\/es\/blog\/2020\/04\/16\/a-perspective-on-altos-de-chavon\/\" \/>\n<meta property=\"og:site_name\" content=\"Casa de Campo\" \/>\n<meta property=\"article:published_time\" content=\"2020-04-16T23:21:00+00:00\" \/>\n<meta property=\"article:modified_time\" content=\"2025-12-23T20:54:41+00:00\" \/>\n<meta property=\"og:image\" content=\"https:\/\/www.casadecampo.com.do\/wp-content\/uploads\/2025\/10\/maxresdefault-9-e1765842850891.jpg\" \/>\n\t<meta property=\"og:image:width\" content=\"1280\" \/>\n\t<meta property=\"og:image:height\" content=\"587\" \/>\n\t<meta property=\"og:image:type\" content=\"image\/jpeg\" \/>\n<meta name=\"author\" content=\"Gitti\" \/>\n<meta name=\"twitter:card\" content=\"summary_large_image\" \/>\n<meta name=\"twitter:label1\" content=\"Escrito por\" \/>\n\t<meta name=\"twitter:data1\" content=\"Gitti\" \/>\n\t<meta name=\"twitter:label2\" content=\"Tiempo de lectura\" \/>\n\t<meta name=\"twitter:data2\" content=\"5 minutos\" \/>\n<!-- \/ Yoast SEO plugin. -->","yoast_head_json":{"title":"Altos de Chav\u00f3n - una perspectiva diferente | Casa de Campo","description":"Posiblemente la atracci\u00f3n hist\u00f3rica m\u00e1s popular en La Romana, Altos de Chav\u00f3n se alza sobre una meseta con vista al r\u00edo Chav\u00f3n.","robots":{"index":"index","follow":"follow","max-snippet":"max-snippet:-1","max-image-preview":"max-image-preview:large","max-video-preview":"max-video-preview:-1"},"canonical":"https:\/\/www.casadecampo.com.do\/es\/blog\/2020\/04\/16\/a-perspective-on-altos-de-chavon\/","og_locale":"es_ES","og_type":"article","og_title":"Altos de Chav\u00f3n - una perspectiva diferente | Casa de Campo","og_description":"Posiblemente la atracci\u00f3n hist\u00f3rica m\u00e1s popular en La Romana, Altos de Chav\u00f3n se alza sobre una meseta con vista al r\u00edo Chav\u00f3n.","og_url":"https:\/\/www.casadecampo.com.do\/es\/blog\/2020\/04\/16\/a-perspective-on-altos-de-chavon\/","og_site_name":"Casa de Campo","article_published_time":"2020-04-16T23:21:00+00:00","article_modified_time":"2025-12-23T20:54:41+00:00","og_image":[{"width":1280,"height":587,"url":"https:\/\/www.casadecampo.com.do\/wp-content\/uploads\/2025\/10\/maxresdefault-9-e1765842850891.jpg","type":"image\/jpeg"}],"author":"Gitti","twitter_card":"summary_large_image","twitter_misc":{"Escrito por":"Gitti","Tiempo de lectura":"5 minutos"},"schema":{"@context":"https:\/\/schema.org","@graph":[{"@type":"Article","@id":"https:\/\/www.casadecampo.com.do\/es\/blog\/2020\/04\/16\/a-perspective-on-altos-de-chavon\/#article","isPartOf":{"@id":"https:\/\/www.casadecampo.com.do\/es\/blog\/2020\/04\/16\/a-perspective-on-altos-de-chavon\/"},"author":{"name":"Gitti","@id":"https:\/\/www.casadecampo.com.do\/es\/#\/schema\/person\/72a4f228410910dc82653cc3c69fc496"},"headline":"Altos de Chav\u00f3n &#8211; una perspectiva diferente","datePublished":"2020-04-16T23:21:00+00:00","dateModified":"2025-12-23T20:54:41+00:00","mainEntityOfPage":{"@id":"https:\/\/www.casadecampo.com.do\/es\/blog\/2020\/04\/16\/a-perspective-on-altos-de-chavon\/"},"wordCount":831,"publisher":{"@id":"https:\/\/www.casadecampo.com.do\/es\/#organization"},"image":{"@id":"https:\/\/www.casadecampo.com.do\/es\/blog\/2020\/04\/16\/a-perspective-on-altos-de-chavon\/#primaryimage"},"thumbnailUrl":"https:\/\/www.casadecampo.com.do\/wp-content\/uploads\/2025\/10\/maxresdefault-9-e1765842850891.jpg","articleSection":["Blog"],"inLanguage":"es"},{"@type":"WebPage","@id":"https:\/\/www.casadecampo.com.do\/es\/blog\/2020\/04\/16\/a-perspective-on-altos-de-chavon\/","url":"https:\/\/www.casadecampo.com.do\/es\/blog\/2020\/04\/16\/a-perspective-on-altos-de-chavon\/","name":"Altos de Chav\u00f3n - una perspectiva diferente | Casa de Campo","isPartOf":{"@id":"https:\/\/www.casadecampo.com.do\/es\/#website"},"primaryImageOfPage":{"@id":"https:\/\/www.casadecampo.com.do\/es\/blog\/2020\/04\/16\/a-perspective-on-altos-de-chavon\/#primaryimage"},"image":{"@id":"https:\/\/www.casadecampo.com.do\/es\/blog\/2020\/04\/16\/a-perspective-on-altos-de-chavon\/#primaryimage"},"thumbnailUrl":"https:\/\/www.casadecampo.com.do\/wp-content\/uploads\/2025\/10\/maxresdefault-9-e1765842850891.jpg","datePublished":"2020-04-16T23:21:00+00:00","dateModified":"2025-12-23T20:54:41+00:00","description":"Posiblemente la atracci\u00f3n hist\u00f3rica m\u00e1s popular en La Romana, Altos de Chav\u00f3n se alza sobre una meseta con vista al r\u00edo Chav\u00f3n.","breadcrumb":{"@id":"https:\/\/www.casadecampo.com.do\/es\/blog\/2020\/04\/16\/a-perspective-on-altos-de-chavon\/#breadcrumb"},"inLanguage":"es","potentialAction":[{"@type":"ReadAction","target":["https:\/\/www.casadecampo.com.do\/es\/blog\/2020\/04\/16\/a-perspective-on-altos-de-chavon\/"]}]},{"@type":"ImageObject","inLanguage":"es","@id":"https:\/\/www.casadecampo.com.do\/es\/blog\/2020\/04\/16\/a-perspective-on-altos-de-chavon\/#primaryimage","url":"https:\/\/www.casadecampo.com.do\/wp-content\/uploads\/2025\/10\/maxresdefault-9-e1765842850891.jpg","contentUrl":"https:\/\/www.casadecampo.com.do\/wp-content\/uploads\/2025\/10\/maxresdefault-9-e1765842850891.jpg","width":1280,"height":587,"caption":"Dye Fore"},{"@type":"BreadcrumbList","@id":"https:\/\/www.casadecampo.com.do\/es\/blog\/2020\/04\/16\/a-perspective-on-altos-de-chavon\/#breadcrumb","itemListElement":[{"@type":"ListItem","position":1,"name":"Inicio","item":"https:\/\/www.casadecampo.com.do\/es\/"},{"@type":"ListItem","position":2,"name":"Altos de Chav\u00f3n &#8211; una perspectiva diferente"}]},{"@type":"WebSite","@id":"https:\/\/www.casadecampo.com.do\/es\/#website","url":"https:\/\/www.casadecampo.com.do\/es\/","name":"Casa de Campo","description":"The most exclusive resort in the Caribbean","publisher":{"@id":"https:\/\/www.casadecampo.com.do\/es\/#organization"},"potentialAction":[{"@type":"SearchAction","target":{"@type":"EntryPoint","urlTemplate":"https:\/\/www.casadecampo.com.do\/es\/?s={search_term_string}"},"query-input":{"@type":"PropertyValueSpecification","valueRequired":true,"valueName":"search_term_string"}}],"inLanguage":"es"},{"@type":"Organization","@id":"https:\/\/www.casadecampo.com.do\/es\/#organization","name":"Casa de Campo Resort & Villas","url":"https:\/\/www.casadecampo.com.do\/es\/","logo":{"@type":"ImageObject","inLanguage":"es","@id":"https:\/\/www.casadecampo.com.do\/es\/#\/schema\/logo\/image\/","url":"https:\/\/www.casadecampo.com.do\/wp-content\/uploads\/2025\/09\/cdc-favicon.png","contentUrl":"https:\/\/www.casadecampo.com.do\/wp-content\/uploads\/2025\/09\/cdc-favicon.png","width":1024,"height":1009,"caption":"Casa de Campo Resort & Villas"},"image":{"@id":"https:\/\/www.casadecampo.com.do\/es\/#\/schema\/logo\/image\/"}},{"@type":"Person","@id":"https:\/\/www.casadecampo.com.do\/es\/#\/schema\/person\/72a4f228410910dc82653cc3c69fc496","name":"Gitti","image":{"@type":"ImageObject","inLanguage":"es","@id":"https:\/\/secure.gravatar.com\/avatar\/cd85fb5f348674961171f377d78a2ecef0e9dd19da319637869b98ea82ce39dc?s=96&d=mm&r=g","url":"https:\/\/secure.gravatar.com\/avatar\/cd85fb5f348674961171f377d78a2ecef0e9dd19da319637869b98ea82ce39dc?s=96&d=mm&r=g","contentUrl":"https:\/\/secure.gravatar.com\/avatar\/cd85fb5f348674961171f377d78a2ecef0e9dd19da319637869b98ea82ce39dc?s=96&d=mm&r=g","caption":"Gitti"}}]}},"_links":{"self":[{"href":"https:\/\/www.casadecampo.com.do\/es\/wp-json\/wp\/v2\/posts\/84965","targetHints":{"allow":["GET"]}}],"collection":[{"href":"https:\/\/www.casadecampo.com.do\/es\/wp-json\/wp\/v2\/posts"}],"about":[{"href":"https:\/\/www.casadecampo.com.do\/es\/wp-json\/wp\/v2\/types\/post"}],"author":[{"embeddable":true,"href":"https:\/\/www.casadecampo.com.do\/es\/wp-json\/wp\/v2\/users\/13"}],"replies":[{"embeddable":true,"href":"https:\/\/www.casadecampo.com.do\/es\/wp-json\/wp\/v2\/comments?post=84965"}],"version-history":[{"count":0,"href":"https:\/\/www.casadecampo.com.do\/es\/wp-json\/wp\/v2\/posts\/84965\/revisions"}],"wp:featuredmedia":[{"embeddable":true,"href":"https:\/\/www.casadecampo.com.do\/es\/wp-json\/wp\/v2\/media\/84966"}],"wp:attachment":[{"href":"https:\/\/www.casadecampo.com.do\/es\/wp-json\/wp\/v2\/media?parent=84965"}],"wp:term":[{"taxonomy":"category","embeddable":true,"href":"https:\/\/www.casadecampo.com.do\/es\/wp-json\/wp\/v2\/categories?post=84965"},{"taxonomy":"post_tag","embeddable":true,"href":"https:\/\/www.casadecampo.com.do\/es\/wp-json\/wp\/v2\/tags?post=84965"}],"curies":[{"name":"wp","href":"https:\/\/api.w.org\/{rel}","templated":true}]}}