{"id":84826,"date":"2016-12-01T16:29:30","date_gmt":"2016-12-01T16:29:30","guid":{"rendered":"https:\/\/casadecampodev.wpenginepowered.com\/blog\/que-hay-para-diciembre-en-casa-de-campo\/"},"modified":"2025-10-03T09:54:42","modified_gmt":"2025-10-03T09:54:42","slug":"que-hay-para-diciembre-en-casa-de-campo","status":"publish","type":"post","link":"https:\/\/www.casadecampo.com.do\/es\/blog\/2016\/12\/01\/que-hay-para-diciembre-en-casa-de-campo\/","title":{"rendered":"\u00bfQu\u00e9 hay para diciembre en Casa de Campo?"},"content":{"rendered":"El 2016 ha sido un a\u00f1o que ser\u00e1 recordado por muchos como intenso y asombroso, y en Casa de Campo queremos finalizarlo con broche de oro. A continuaci\u00f3n detallamos todos los eventos y actividades de nuestro calendario del mes de diciembre, asegur\u00e1ndoles que hay entretenimiento para todos los gustos y edades.<\/p>\n<h5><strong>Flavors of the World: Portugal<\/strong><\/h5>\n<p>El \u00faltimo FOTW de esta temporada cierra con un destino que deber\u00eda estar en sus <em>bucket lists<\/em> del 2017. En los \u00faltimos a\u00f1os Portugal ha experimentado un renacimiento a nivel cultural y tur\u00edstico, por lo que nos complace presentar una deliciosa muestra de su gastronom\u00eda de la mano del chef Vitor Matos. Su restaurante Antiqvvm, cuya cocina recibe influencias mediterr\u00e1neas y combina la tradici\u00f3n con las nuevas tendencias, obtuvo su primera Estrella en la edici\u00f3n m\u00e1s reciente de la Gu\u00eda Michelin. Los motivos sobran para asistir el 2 y 3 de diciembre a sus dos cenas magistrales en The Beach Club y el domingo 4 al Sunday Brunch frente a Playa Minitas.<\/p>\n<h5><strong>Ballet en Altos de Chav\u00f3n<\/strong><\/h5>\n<p>La Academia Elizabeth P. de Zeller presenta el Ballet La Bayad\u00e8re, a beneficio del Hogar de Ancianos Padre Abreu en La Romana. Dirigido por Ivonne Zeller, este espect\u00e1culo cl\u00e1sico trata sobre el romance entre un guerrero de la India y una bailarina del templo. Las entradas est\u00e1n a la venta en la boleter\u00eda del Anfiteatro Altos de Chav\u00f3n a RD$250 p\/p. La cita es el s\u00e1bado 3 de diciembre a las 7:30pm.<\/p>\n<h5><strong>Encendido del Arbolito<\/strong><\/h5>\n<p>Aunque los \u00e1nimos ya est\u00e1n arriba desde que empieza el mes, el inicio oficial de la Navidad en Casa de Campo ser\u00e1 este 9 de diciembre con la ceremonia del encendido del \u00e1rbol de Navidad. Esta es una ocasi\u00f3n id\u00f3nea para ir a Altos de Chav\u00f3n con toda la familia, ya que Santa Claus y sus duendes har\u00e1n una parada especial para compartir con los ni\u00f1os y recibir sus cartas. Y despu\u00e9s de recorrer el pueblo adornado de luces, podr\u00e1n disfrutar en el anfiteatro del Concierto de Navidad con la Orquesta Sinf\u00f3nica Juvenil Juan Pablo Duarte gracias al auspicio del Ministerio de Cultura.<\/p>\n<h5><strong>XI Campeonato Casa de Campo Twosome<\/strong><\/h5>\n<p>Los amantes del <em>tee<\/em> tambi\u00e9n tendr\u00e1n su diciembre. Busque su pareja de golf e inscr\u00edbanse juntos en el torneo que les permitir\u00e1 jugar durante la semana del 11 al 17 en nuestros tres aclamados campos: The Links, Teeth of the Dog\u00ae  y Dye Fore. Para obtener informaci\u00f3n m\u00e1s detallada sobre este campeonato acceda aqu\u00ed.<\/p>\n<h5><strong>Benny &amp; The Cupids! en Altos de Chav\u00f3n<\/strong><\/h5>\n<p>Hay fiesta sobre las piedras el s\u00e1bado 16 de diciembre con esta vibrante agrupaci\u00f3n dominicana que interpreta sus propias versiones de grandes \u00e9xitos del Rock, Blues, Pop, R&amp;B y otros.<\/p>\n<h5><strong>Nacimiento Viviente en Altos de Chav\u00f3n<\/strong><\/h5>\n<p>El d\u00eda 23 de diciembre los ni\u00f1os de la Fundaci\u00f3n MIR recrear\u00e1n un nacimiento viviente con la llegada del Ni\u00f1o Jes\u00fas y un coro de villancicos. M\u00e1s tarde, Johanna Alm\u00e1nzar y su banda presentan un repertorio de grandes boleros y \u00e9xitos latinoamericanos.<\/p>\n<h5><strong>Nochebuena, Navidad y V\u00edspera de A\u00f1o Nuevo<\/strong><\/h5>\n<p>La llegada de la Navidad trae paz, alegr\u00eda y uni\u00f3n para todas las familias. Para su comodidad estaremos ofreciendo un men\u00fa especial de Nochebuena y A\u00f1o Nuevo en el restaurante La Piazzetta (reserva previa), as\u00ed como tambi\u00e9n celebraciones de eucarist\u00eda y misas especiales en la Iglesia San Estanislao. En la tarde del 25 de diciembre tendremos la llegada de Santa a Chav\u00f3n, quien trae divertidas actividades y regalitos para los ni\u00f1os. La oferta musical de la noche se reparte entre el Coro Armon\u00eda con su concierto de villancicos dominicanos e internacionales, y la Orquesta Dekadas que pondr\u00e1 a todos a bailar con su selecci\u00f3n de merengues navide\u00f1os.<\/p>\n<h5><strong>Conciertos sobre las piedras<\/strong><\/h5>\n<p>En la \u00faltima semana del a\u00f1o el escenario del Anfiteatro Altos de Chav\u00f3n se llenar\u00e1 de m\u00fasica, as\u00ed que no desaproveche la oportunidad de bailar y cantar a ritmo tropical. El lunes 26 recibimos a varios talentos dominicanos que estremecer\u00e1n sus sentidos con las mejores interpretaciones de jazz, bossa nova, latin jazz y funk. El martes 27 llega el m\u00edtico grupo Bony\u00e9 a poner a todo el mundo a moverse a ritmo de son, merengue y salsa. El mi\u00e9rcoles 29 estar\u00e1 reservado para un show folcl\u00f3rico donde podr\u00e1 descubrir m\u00e1s de la cultura musical local. \u00bfPrefiere algo m\u00e1s electr\u00f3nico? En las noches del 27 al 29 de diciembre, DJ Konflikt llega desde Miami a encender la pista de baile de Genesis Night Club.<\/p>\n<h5><strong>Enrique Iglesias y Gente de Zona<\/strong><\/h5>\n<p>Dejamos el plato fuerte de \u00faltimo. Este 30 de diciembre tenga un cierre de a\u00f1o inolvidable con dos propuestas musicales que nos har\u00e1n bailar hasta que duelan los pies. El cantante espa\u00f1ol Enrique Iglesias vuelve a Altos de Chav\u00f3n con su tour \u201cSex And Love\u201d, esta vez acompa\u00f1ado de la agrupaci\u00f3n cubana Gente de Zona, quienes nos ha puesto a bailar reggaet\u00f3n durante todo el 2016 con \u00e9xitos como \u201cLa Gozadera\u201d, \u201cTraidora\u201d y \u201cAlgo Contigo\u201d\u2026 \u00a1y por supuesto, no se va a quedar la versi\u00f3n de \u201cBailando\u201d a d\u00fao con Enrique! Las boletas est\u00e1n a la venta a trav\u00e9s de Uepa Tickets y el Club de Due\u00f1os de Casa de Campo.<\/p>\n<h5><strong>NYE Party 2017<\/strong><\/h5>\n<p>A\u00fan queda un d\u00eda para despedir el 2016, pero el cansancio hay que dejarlo en la villa. Despu\u00e9s de la cena y el brindis en su restaurante favorito del complejo (con reserva previa), la fiesta perfecta para recibir el nuevo a\u00f1o es \u201cPraia\u201d, en Playa Minitas. En su octava edici\u00f3n, el tema de este a\u00f1o hace alusi\u00f3n al lujo y esplendor de The Great Gatsby en los a\u00f1os 20. La entrada de US$150 p\/p le garantiza Open Bar y diversi\u00f3n sin l\u00edmites hasta el amanecer.<\/p>\n<p>Todos estos eventos, y muchos m\u00e1s, est\u00e1n incluidos en nuestro calendario de actividades, que puede revisar aqu\u00ed.<\/p>\n<p>Si desea mantenerse al tanto de todo lo que sucede en Casa, complete nuestro formulario de contacto para unirse a nuestro exclusivo club.\n","protected":false},"excerpt":{"rendered":"","protected":false},"author":15,"featured_media":84827,"comment_status":"open","ping_status":"open","sticky":false,"template":"","format":"standard","meta":{"_acf_changed":false,"footnotes":""},"categories":[175],"tags":[],"class_list":["post-84826","post","type-post","status-publish","format-standard","has-post-thumbnail","hentry","category-blog-2"],"acf":[],"yoast_head":"<!-- This site is optimized with the Yoast SEO plugin v27.2 - https:\/\/yoast.com\/product\/yoast-seo-wordpress\/ -->\n<title>\u00bfQu\u00e9 hay para diciembre en Casa de Campo? | Casa de Campo<\/title>\n<meta name=\"description\" content=\"El 2016 ha sido un a\u00f1o que ser\u00e1 recordado por muchos como intenso y asombroso, y en Casa de Campo queremos finalizarlo con broche de oro. A continuaci\u00f3n\" \/>\n<meta name=\"robots\" content=\"index, follow, max-snippet:-1, max-image-preview:large, max-video-preview:-1\" \/>\n<link rel=\"canonical\" href=\"https:\/\/www.casadecampo.com.do\/es\/blog\/2016\/12\/01\/que-hay-para-diciembre-en-casa-de-campo\/\" \/>\n<meta property=\"og:locale\" content=\"es_ES\" \/>\n<meta property=\"og:type\" content=\"article\" \/>\n<meta property=\"og:title\" content=\"\u00bfQu\u00e9 hay para diciembre en Casa de Campo? | Casa de Campo\" \/>\n<meta property=\"og:description\" content=\"El 2016 ha sido un a\u00f1o que ser\u00e1 recordado por muchos como intenso y asombroso, y en Casa de Campo queremos finalizarlo con broche de oro. A continuaci\u00f3n\" \/>\n<meta property=\"og:url\" content=\"https:\/\/www.casadecampo.com.do\/es\/blog\/2016\/12\/01\/que-hay-para-diciembre-en-casa-de-campo\/\" \/>\n<meta property=\"og:site_name\" content=\"Casa de Campo\" \/>\n<meta property=\"article:published_time\" content=\"2016-12-01T16:29:30+00:00\" \/>\n<meta property=\"article:modified_time\" content=\"2025-10-03T09:54:42+00:00\" \/>\n<meta property=\"og:image\" content=\"https:\/\/www.casadecampo.com.do\/wp-content\/uploads\/2025\/10\/Cup-1_-Horizontal-Altos-Holiday-900x550-2.jpg\" \/>\n\t<meta property=\"og:image:width\" content=\"900\" \/>\n\t<meta property=\"og:image:height\" content=\"550\" \/>\n\t<meta property=\"og:image:type\" content=\"image\/jpeg\" \/>\n<meta name=\"author\" content=\"Sharon Stanish\" \/>\n<meta name=\"twitter:card\" content=\"summary_large_image\" \/>\n<meta name=\"twitter:label1\" content=\"Escrito por\" \/>\n\t<meta name=\"twitter:data1\" content=\"Sharon Stanish\" \/>\n\t<meta name=\"twitter:label2\" content=\"Tiempo de lectura\" \/>\n\t<meta name=\"twitter:data2\" content=\"5 minutos\" \/>\n<!-- \/ Yoast SEO plugin. -->","yoast_head_json":{"title":"\u00bfQu\u00e9 hay para diciembre en Casa de Campo? | Casa de Campo","description":"El 2016 ha sido un a\u00f1o que ser\u00e1 recordado por muchos como intenso y asombroso, y en Casa de Campo queremos finalizarlo con broche de oro. A continuaci\u00f3n","robots":{"index":"index","follow":"follow","max-snippet":"max-snippet:-1","max-image-preview":"max-image-preview:large","max-video-preview":"max-video-preview:-1"},"canonical":"https:\/\/www.casadecampo.com.do\/es\/blog\/2016\/12\/01\/que-hay-para-diciembre-en-casa-de-campo\/","og_locale":"es_ES","og_type":"article","og_title":"\u00bfQu\u00e9 hay para diciembre en Casa de Campo? | Casa de Campo","og_description":"El 2016 ha sido un a\u00f1o que ser\u00e1 recordado por muchos como intenso y asombroso, y en Casa de Campo queremos finalizarlo con broche de oro. A continuaci\u00f3n","og_url":"https:\/\/www.casadecampo.com.do\/es\/blog\/2016\/12\/01\/que-hay-para-diciembre-en-casa-de-campo\/","og_site_name":"Casa de Campo","article_published_time":"2016-12-01T16:29:30+00:00","article_modified_time":"2025-10-03T09:54:42+00:00","og_image":[{"width":900,"height":550,"url":"https:\/\/www.casadecampo.com.do\/wp-content\/uploads\/2025\/10\/Cup-1_-Horizontal-Altos-Holiday-900x550-2.jpg","type":"image\/jpeg"}],"author":"Sharon Stanish","twitter_card":"summary_large_image","twitter_misc":{"Escrito por":"Sharon Stanish","Tiempo de lectura":"5 minutos"},"schema":{"@context":"https:\/\/schema.org","@graph":[{"@type":"Article","@id":"https:\/\/www.casadecampo.com.do\/es\/blog\/2016\/12\/01\/que-hay-para-diciembre-en-casa-de-campo\/#article","isPartOf":{"@id":"https:\/\/www.casadecampo.com.do\/es\/blog\/2016\/12\/01\/que-hay-para-diciembre-en-casa-de-campo\/"},"author":{"name":"Sharon Stanish","@id":"https:\/\/www.casadecampo.com.do\/es\/#\/schema\/person\/16d183a126e290ce344b279ccbc1e71b"},"headline":"\u00bfQu\u00e9 hay para diciembre en Casa de Campo?","datePublished":"2016-12-01T16:29:30+00:00","dateModified":"2025-10-03T09:54:42+00:00","mainEntityOfPage":{"@id":"https:\/\/www.casadecampo.com.do\/es\/blog\/2016\/12\/01\/que-hay-para-diciembre-en-casa-de-campo\/"},"wordCount":1079,"commentCount":0,"publisher":{"@id":"https:\/\/www.casadecampo.com.do\/es\/#organization"},"image":{"@id":"https:\/\/www.casadecampo.com.do\/es\/blog\/2016\/12\/01\/que-hay-para-diciembre-en-casa-de-campo\/#primaryimage"},"thumbnailUrl":"https:\/\/www.casadecampo.com.do\/wp-content\/uploads\/2025\/10\/Cup-1_-Horizontal-Altos-Holiday-900x550-2.jpg","articleSection":["Blog"],"inLanguage":"es","potentialAction":[{"@type":"CommentAction","name":"Comment","target":["https:\/\/www.casadecampo.com.do\/es\/blog\/2016\/12\/01\/que-hay-para-diciembre-en-casa-de-campo\/#respond"]}]},{"@type":"WebPage","@id":"https:\/\/www.casadecampo.com.do\/es\/blog\/2016\/12\/01\/que-hay-para-diciembre-en-casa-de-campo\/","url":"https:\/\/www.casadecampo.com.do\/es\/blog\/2016\/12\/01\/que-hay-para-diciembre-en-casa-de-campo\/","name":"\u00bfQu\u00e9 hay para diciembre en Casa de Campo? | Casa de Campo","isPartOf":{"@id":"https:\/\/www.casadecampo.com.do\/es\/#website"},"primaryImageOfPage":{"@id":"https:\/\/www.casadecampo.com.do\/es\/blog\/2016\/12\/01\/que-hay-para-diciembre-en-casa-de-campo\/#primaryimage"},"image":{"@id":"https:\/\/www.casadecampo.com.do\/es\/blog\/2016\/12\/01\/que-hay-para-diciembre-en-casa-de-campo\/#primaryimage"},"thumbnailUrl":"https:\/\/www.casadecampo.com.do\/wp-content\/uploads\/2025\/10\/Cup-1_-Horizontal-Altos-Holiday-900x550-2.jpg","datePublished":"2016-12-01T16:29:30+00:00","dateModified":"2025-10-03T09:54:42+00:00","description":"El 2016 ha sido un a\u00f1o que ser\u00e1 recordado por muchos como intenso y asombroso, y en Casa de Campo queremos finalizarlo con broche de oro. A continuaci\u00f3n","breadcrumb":{"@id":"https:\/\/www.casadecampo.com.do\/es\/blog\/2016\/12\/01\/que-hay-para-diciembre-en-casa-de-campo\/#breadcrumb"},"inLanguage":"es","potentialAction":[{"@type":"ReadAction","target":["https:\/\/www.casadecampo.com.do\/es\/blog\/2016\/12\/01\/que-hay-para-diciembre-en-casa-de-campo\/"]}]},{"@type":"ImageObject","inLanguage":"es","@id":"https:\/\/www.casadecampo.com.do\/es\/blog\/2016\/12\/01\/que-hay-para-diciembre-en-casa-de-campo\/#primaryimage","url":"https:\/\/www.casadecampo.com.do\/wp-content\/uploads\/2025\/10\/Cup-1_-Horizontal-Altos-Holiday-900x550-2.jpg","contentUrl":"https:\/\/www.casadecampo.com.do\/wp-content\/uploads\/2025\/10\/Cup-1_-Horizontal-Altos-Holiday-900x550-2.jpg","width":900,"height":550,"caption":"Altos de Chav\u00f3n Holiday Lights and Events"},{"@type":"BreadcrumbList","@id":"https:\/\/www.casadecampo.com.do\/es\/blog\/2016\/12\/01\/que-hay-para-diciembre-en-casa-de-campo\/#breadcrumb","itemListElement":[{"@type":"ListItem","position":1,"name":"Inicio","item":"https:\/\/www.casadecampo.com.do\/es\/"},{"@type":"ListItem","position":2,"name":"\u00bfQu\u00e9 hay para diciembre en Casa de Campo?"}]},{"@type":"WebSite","@id":"https:\/\/www.casadecampo.com.do\/es\/#website","url":"https:\/\/www.casadecampo.com.do\/es\/","name":"Casa de Campo","description":"The most exclusive resort in the Caribbean","publisher":{"@id":"https:\/\/www.casadecampo.com.do\/es\/#organization"},"potentialAction":[{"@type":"SearchAction","target":{"@type":"EntryPoint","urlTemplate":"https:\/\/www.casadecampo.com.do\/es\/?s={search_term_string}"},"query-input":{"@type":"PropertyValueSpecification","valueRequired":true,"valueName":"search_term_string"}}],"inLanguage":"es"},{"@type":"Organization","@id":"https:\/\/www.casadecampo.com.do\/es\/#organization","name":"Casa de Campo Resort & Villas","url":"https:\/\/www.casadecampo.com.do\/es\/","logo":{"@type":"ImageObject","inLanguage":"es","@id":"https:\/\/www.casadecampo.com.do\/es\/#\/schema\/logo\/image\/","url":"https:\/\/www.casadecampo.com.do\/wp-content\/uploads\/2025\/09\/cdc-favicon.png","contentUrl":"https:\/\/www.casadecampo.com.do\/wp-content\/uploads\/2025\/09\/cdc-favicon.png","width":1024,"height":1009,"caption":"Casa de Campo Resort & Villas"},"image":{"@id":"https:\/\/www.casadecampo.com.do\/es\/#\/schema\/logo\/image\/"}},{"@type":"Person","@id":"https:\/\/www.casadecampo.com.do\/es\/#\/schema\/person\/16d183a126e290ce344b279ccbc1e71b","name":"Sharon Stanish","image":{"@type":"ImageObject","inLanguage":"es","@id":"https:\/\/secure.gravatar.com\/avatar\/ae6d4429790e7072f94784b8bc182cb506093fb0f31935dd59820bcda351c14a?s=96&d=mm&r=g","url":"https:\/\/secure.gravatar.com\/avatar\/ae6d4429790e7072f94784b8bc182cb506093fb0f31935dd59820bcda351c14a?s=96&d=mm&r=g","contentUrl":"https:\/\/secure.gravatar.com\/avatar\/ae6d4429790e7072f94784b8bc182cb506093fb0f31935dd59820bcda351c14a?s=96&d=mm&r=g","caption":"Sharon Stanish"}}]}},"_links":{"self":[{"href":"https:\/\/www.casadecampo.com.do\/es\/wp-json\/wp\/v2\/posts\/84826","targetHints":{"allow":["GET"]}}],"collection":[{"href":"https:\/\/www.casadecampo.com.do\/es\/wp-json\/wp\/v2\/posts"}],"about":[{"href":"https:\/\/www.casadecampo.com.do\/es\/wp-json\/wp\/v2\/types\/post"}],"author":[{"embeddable":true,"href":"https:\/\/www.casadecampo.com.do\/es\/wp-json\/wp\/v2\/users\/15"}],"replies":[{"embeddable":true,"href":"https:\/\/www.casadecampo.com.do\/es\/wp-json\/wp\/v2\/comments?post=84826"}],"version-history":[{"count":0,"href":"https:\/\/www.casadecampo.com.do\/es\/wp-json\/wp\/v2\/posts\/84826\/revisions"}],"wp:featuredmedia":[{"embeddable":true,"href":"https:\/\/www.casadecampo.com.do\/es\/wp-json\/wp\/v2\/media\/84827"}],"wp:attachment":[{"href":"https:\/\/www.casadecampo.com.do\/es\/wp-json\/wp\/v2\/media?parent=84826"}],"wp:term":[{"taxonomy":"category","embeddable":true,"href":"https:\/\/www.casadecampo.com.do\/es\/wp-json\/wp\/v2\/categories?post=84826"},{"taxonomy":"post_tag","embeddable":true,"href":"https:\/\/www.casadecampo.com.do\/es\/wp-json\/wp\/v2\/tags?post=84826"}],"curies":[{"name":"wp","href":"https:\/\/api.w.org\/{rel}","templated":true}]}}