{"id":84816,"date":"2016-08-11T14:42:54","date_gmt":"2016-08-11T14:42:54","guid":{"rendered":"https:\/\/casadecampodev.wpenginepowered.com\/blog\/remedios-caseros-para-el-cabello-rebelde-o-como-disfrutar-del-verano-con-la-melena-al-viento\/"},"modified":"2025-10-03T09:54:40","modified_gmt":"2025-10-03T09:54:40","slug":"remedios-caseros-para-el-cabello-rebelde-o-como-disfrutar-del-verano-con-la-melena-al-viento","status":"publish","type":"post","link":"https:\/\/www.casadecampo.com.do\/es\/blog\/2016\/08\/11\/remedios-caseros-para-el-cabello-rebelde-o-como-disfrutar-del-verano-con-la-melena-al-viento\/","title":{"rendered":"Remedios Caseros para el Cabello Rebelde o Como Disfrutar del Verano con la Melena al Viento"},"content":{"rendered":"Un cabello rebelde es un verdadero dolor de cabeza, y no precisamente porque ese sea su venue en el cuerpo. Las horas que las mujeres invierten para intentar domar su pelo al frente del espejo, es tiempo que se deber\u00eda pasar en alg\u00fan rinc\u00f3n paradis\u00edaco del Caribe como Playa Minitas, sin ir m\u00e1s lejos. Varios son los motivos por los cuales un rizo se rebela y se niega a obedecer las trazas del peine: desde los naturales como el grosor, el exceso de cabello por largo y pesado o por falta de nutrientes, hasta los qu\u00edmicos como un simple tinte, pasando por motivos mec\u00e1nicos como una plancha o el mism\u00edsimo secador. Y tambi\u00e9n est\u00e1, como no, el motivo geogr\u00e1fico. Porque en la Rep\u00fablica Dominicana, la humedad est\u00e1 presente en todos los rincones de la isla como el merengue o la ca\u00f1a de az\u00facar.<\/p>\n<p>Pero como no hay mal que cien a\u00f1os dure ni cuerpo que lo resista, aqu\u00ed tienes hasta 9 trucos sencillos y remedios caseros que te ayudar\u00e1n a domesticar al m\u00e1s rebelde de los cabellos:<\/p>\n<p>1: Utiliza a diario el champ\u00fa y el acondicionador, sobre todo si tienes un cabello seco. Puede parecer una obviedad, pero el tiempo que se destina para un buen lavado del cabello, es tiempo que luego se ahorra delante del espejo.<\/p>\n<p>2: Despu\u00e9s del lavado de tu cabello, p\u00e9inalo hac\u00eda un lado y espera un par de minutos antes de peinarlo hac\u00eda el otro lado. De esta manera, le muestras a tu cabello que hay m\u00e1s de una direcci\u00f3n disponible para cuando se seque y no siempre la misma.<\/p>\n<p>3: A la hora de peinarte o cepillarte, utiliza peines de cerdas naturales y de dientes separados. Adem\u00e1s, de madera y nunca de pl\u00e1stico, ya que este material electriza el cabello.<\/p>\n<p>4: Utiliza alguna banda cubierta con tela para sujetar el cabello, nunca una banda el\u00e1stica que te lo estruje. Ret\u00edrala cuando se haya secado.<\/p>\n<p>5: No seques tu cabello con la toalla siendo brusca ni con demasiado br\u00edo porque da\u00f1ar\u00e1s las cut\u00edculas del pelo, que es la capa m\u00e1s externa de la fibra capilar.<\/p>\n<p>6: Al hilo del punto anterior, corta las puntas de tu cabello con regularidad, ya que es la manera de evitar que el cabello se siga da\u00f1ando.<\/p>\n<p>7: \u00bfSab\u00edas que hay mascarillas anti frizz para antes de sec\u00e1rtelo? Es muy importante que, aunque no requiera aclararse el cabello despu\u00e9s de su uso, no la dejes demasiado tiempo en tu cabeza.<\/p>\n<p>8: Evita usar la plancha del pelo o el secador siempre que puedas, ya que las altas temperaturas que generan y la humedad del ambiente son las grandes aliadas de cualquier cabello que se digne rebelde de verdad.<\/p>\n<p>9: Por \u00faltimo, aunque casi el m\u00e1s importante, no est\u00e9s toc\u00e1ndote el pelo constantemente. \u00a1Y solo debes cepill\u00e1rtelo cuando est\u00e9 mojado o h\u00famedo!<\/p>\n<p>\n","protected":false},"excerpt":{"rendered":"","protected":false},"author":15,"featured_media":42616,"comment_status":"open","ping_status":"open","sticky":false,"template":"","format":"standard","meta":{"_acf_changed":false,"footnotes":""},"categories":[175],"tags":[],"class_list":["post-84816","post","type-post","status-publish","format-standard","has-post-thumbnail","hentry","category-blog-2"],"acf":[],"yoast_head":"<!-- This site is optimized with the Yoast SEO plugin v27.2 - https:\/\/yoast.com\/product\/yoast-seo-wordpress\/ -->\n<title>Remedios Caseros para el Cabello Rebelde o Como Disfrutar del Verano con la Melena al Viento | Casa de Campo<\/title>\n<meta name=\"description\" content=\"remedios-caseros-para-el-cabello-rebelde-o-como-disfrutar-del-verano-con-la-melena-al-viento\" \/>\n<meta name=\"robots\" content=\"index, follow, max-snippet:-1, max-image-preview:large, max-video-preview:-1\" \/>\n<link rel=\"canonical\" href=\"https:\/\/www.casadecampo.com.do\/es\/blog\/2016\/08\/11\/remedios-caseros-para-el-cabello-rebelde-o-como-disfrutar-del-verano-con-la-melena-al-viento\/\" \/>\n<meta property=\"og:locale\" content=\"es_ES\" \/>\n<meta property=\"og:type\" content=\"article\" \/>\n<meta property=\"og:title\" content=\"Remedios Caseros para el Cabello Rebelde o Como Disfrutar del Verano con la Melena al Viento | Casa de Campo\" \/>\n<meta property=\"og:description\" content=\"remedios-caseros-para-el-cabello-rebelde-o-como-disfrutar-del-verano-con-la-melena-al-viento\" \/>\n<meta property=\"og:url\" content=\"https:\/\/www.casadecampo.com.do\/es\/blog\/2016\/08\/11\/remedios-caseros-para-el-cabello-rebelde-o-como-disfrutar-del-verano-con-la-melena-al-viento\/\" \/>\n<meta property=\"og:site_name\" content=\"Casa de Campo\" \/>\n<meta property=\"article:published_time\" content=\"2016-08-11T14:42:54+00:00\" \/>\n<meta property=\"article:modified_time\" content=\"2025-10-03T09:54:40+00:00\" \/>\n<meta property=\"og:image\" content=\"https:\/\/www.casadecampo.com.do\/wp-content\/uploads\/2019\/07\/minitas-beach-drone-3.jpg\" \/>\n\t<meta property=\"og:image:width\" content=\"1434\" \/>\n\t<meta property=\"og:image:height\" content=\"804\" \/>\n\t<meta property=\"og:image:type\" content=\"image\/jpeg\" \/>\n<meta name=\"author\" content=\"Sharon Stanish\" \/>\n<meta name=\"twitter:card\" content=\"summary_large_image\" \/>\n<meta name=\"twitter:label1\" content=\"Escrito por\" \/>\n\t<meta name=\"twitter:data1\" content=\"Sharon Stanish\" \/>\n\t<meta name=\"twitter:label2\" content=\"Tiempo de lectura\" \/>\n\t<meta name=\"twitter:data2\" content=\"3 minutos\" \/>\n<!-- \/ Yoast SEO plugin. -->","yoast_head_json":{"title":"Remedios Caseros para el Cabello Rebelde o Como Disfrutar del Verano con la Melena al Viento | Casa de Campo","description":"remedios-caseros-para-el-cabello-rebelde-o-como-disfrutar-del-verano-con-la-melena-al-viento","robots":{"index":"index","follow":"follow","max-snippet":"max-snippet:-1","max-image-preview":"max-image-preview:large","max-video-preview":"max-video-preview:-1"},"canonical":"https:\/\/www.casadecampo.com.do\/es\/blog\/2016\/08\/11\/remedios-caseros-para-el-cabello-rebelde-o-como-disfrutar-del-verano-con-la-melena-al-viento\/","og_locale":"es_ES","og_type":"article","og_title":"Remedios Caseros para el Cabello Rebelde o Como Disfrutar del Verano con la Melena al Viento | Casa de Campo","og_description":"remedios-caseros-para-el-cabello-rebelde-o-como-disfrutar-del-verano-con-la-melena-al-viento","og_url":"https:\/\/www.casadecampo.com.do\/es\/blog\/2016\/08\/11\/remedios-caseros-para-el-cabello-rebelde-o-como-disfrutar-del-verano-con-la-melena-al-viento\/","og_site_name":"Casa de Campo","article_published_time":"2016-08-11T14:42:54+00:00","article_modified_time":"2025-10-03T09:54:40+00:00","og_image":[{"width":1434,"height":804,"url":"https:\/\/www.casadecampo.com.do\/wp-content\/uploads\/2019\/07\/minitas-beach-drone-3.jpg","type":"image\/jpeg"}],"author":"Sharon Stanish","twitter_card":"summary_large_image","twitter_misc":{"Escrito por":"Sharon Stanish","Tiempo de lectura":"3 minutos"},"schema":{"@context":"https:\/\/schema.org","@graph":[{"@type":"Article","@id":"https:\/\/www.casadecampo.com.do\/es\/blog\/2016\/08\/11\/remedios-caseros-para-el-cabello-rebelde-o-como-disfrutar-del-verano-con-la-melena-al-viento\/#article","isPartOf":{"@id":"https:\/\/www.casadecampo.com.do\/es\/blog\/2016\/08\/11\/remedios-caseros-para-el-cabello-rebelde-o-como-disfrutar-del-verano-con-la-melena-al-viento\/"},"author":{"name":"Sharon Stanish","@id":"https:\/\/www.casadecampo.com.do\/es\/#\/schema\/person\/16d183a126e290ce344b279ccbc1e71b"},"headline":"Remedios Caseros para el Cabello Rebelde o Como Disfrutar del Verano con la Melena al Viento","datePublished":"2016-08-11T14:42:54+00:00","dateModified":"2025-10-03T09:54:40+00:00","mainEntityOfPage":{"@id":"https:\/\/www.casadecampo.com.do\/es\/blog\/2016\/08\/11\/remedios-caseros-para-el-cabello-rebelde-o-como-disfrutar-del-verano-con-la-melena-al-viento\/"},"wordCount":532,"commentCount":0,"publisher":{"@id":"https:\/\/www.casadecampo.com.do\/es\/#organization"},"image":{"@id":"https:\/\/www.casadecampo.com.do\/es\/blog\/2016\/08\/11\/remedios-caseros-para-el-cabello-rebelde-o-como-disfrutar-del-verano-con-la-melena-al-viento\/#primaryimage"},"thumbnailUrl":"https:\/\/www.casadecampo.com.do\/wp-content\/uploads\/2019\/07\/minitas-beach-drone-3.jpg","articleSection":["Blog"],"inLanguage":"es","potentialAction":[{"@type":"CommentAction","name":"Comment","target":["https:\/\/www.casadecampo.com.do\/es\/blog\/2016\/08\/11\/remedios-caseros-para-el-cabello-rebelde-o-como-disfrutar-del-verano-con-la-melena-al-viento\/#respond"]}]},{"@type":"WebPage","@id":"https:\/\/www.casadecampo.com.do\/es\/blog\/2016\/08\/11\/remedios-caseros-para-el-cabello-rebelde-o-como-disfrutar-del-verano-con-la-melena-al-viento\/","url":"https:\/\/www.casadecampo.com.do\/es\/blog\/2016\/08\/11\/remedios-caseros-para-el-cabello-rebelde-o-como-disfrutar-del-verano-con-la-melena-al-viento\/","name":"Remedios Caseros para el Cabello Rebelde o Como Disfrutar del Verano con la Melena al Viento | Casa de Campo","isPartOf":{"@id":"https:\/\/www.casadecampo.com.do\/es\/#website"},"primaryImageOfPage":{"@id":"https:\/\/www.casadecampo.com.do\/es\/blog\/2016\/08\/11\/remedios-caseros-para-el-cabello-rebelde-o-como-disfrutar-del-verano-con-la-melena-al-viento\/#primaryimage"},"image":{"@id":"https:\/\/www.casadecampo.com.do\/es\/blog\/2016\/08\/11\/remedios-caseros-para-el-cabello-rebelde-o-como-disfrutar-del-verano-con-la-melena-al-viento\/#primaryimage"},"thumbnailUrl":"https:\/\/www.casadecampo.com.do\/wp-content\/uploads\/2019\/07\/minitas-beach-drone-3.jpg","datePublished":"2016-08-11T14:42:54+00:00","dateModified":"2025-10-03T09:54:40+00:00","description":"remedios-caseros-para-el-cabello-rebelde-o-como-disfrutar-del-verano-con-la-melena-al-viento","breadcrumb":{"@id":"https:\/\/www.casadecampo.com.do\/es\/blog\/2016\/08\/11\/remedios-caseros-para-el-cabello-rebelde-o-como-disfrutar-del-verano-con-la-melena-al-viento\/#breadcrumb"},"inLanguage":"es","potentialAction":[{"@type":"ReadAction","target":["https:\/\/www.casadecampo.com.do\/es\/blog\/2016\/08\/11\/remedios-caseros-para-el-cabello-rebelde-o-como-disfrutar-del-verano-con-la-melena-al-viento\/"]}]},{"@type":"ImageObject","inLanguage":"es","@id":"https:\/\/www.casadecampo.com.do\/es\/blog\/2016\/08\/11\/remedios-caseros-para-el-cabello-rebelde-o-como-disfrutar-del-verano-con-la-melena-al-viento\/#primaryimage","url":"https:\/\/www.casadecampo.com.do\/wp-content\/uploads\/2019\/07\/minitas-beach-drone-3.jpg","contentUrl":"https:\/\/www.casadecampo.com.do\/wp-content\/uploads\/2019\/07\/minitas-beach-drone-3.jpg","width":1434,"height":804,"caption":"Minitas Beach Lounge"},{"@type":"BreadcrumbList","@id":"https:\/\/www.casadecampo.com.do\/es\/blog\/2016\/08\/11\/remedios-caseros-para-el-cabello-rebelde-o-como-disfrutar-del-verano-con-la-melena-al-viento\/#breadcrumb","itemListElement":[{"@type":"ListItem","position":1,"name":"Inicio","item":"https:\/\/www.casadecampo.com.do\/es\/"},{"@type":"ListItem","position":2,"name":"Remedios Caseros para el Cabello Rebelde o Como Disfrutar del Verano con la Melena al Viento"}]},{"@type":"WebSite","@id":"https:\/\/www.casadecampo.com.do\/es\/#website","url":"https:\/\/www.casadecampo.com.do\/es\/","name":"Casa de Campo","description":"The most exclusive resort in the Caribbean","publisher":{"@id":"https:\/\/www.casadecampo.com.do\/es\/#organization"},"potentialAction":[{"@type":"SearchAction","target":{"@type":"EntryPoint","urlTemplate":"https:\/\/www.casadecampo.com.do\/es\/?s={search_term_string}"},"query-input":{"@type":"PropertyValueSpecification","valueRequired":true,"valueName":"search_term_string"}}],"inLanguage":"es"},{"@type":"Organization","@id":"https:\/\/www.casadecampo.com.do\/es\/#organization","name":"Casa de Campo Resort & Villas","url":"https:\/\/www.casadecampo.com.do\/es\/","logo":{"@type":"ImageObject","inLanguage":"es","@id":"https:\/\/www.casadecampo.com.do\/es\/#\/schema\/logo\/image\/","url":"https:\/\/www.casadecampo.com.do\/wp-content\/uploads\/2025\/09\/cdc-favicon.png","contentUrl":"https:\/\/www.casadecampo.com.do\/wp-content\/uploads\/2025\/09\/cdc-favicon.png","width":1024,"height":1009,"caption":"Casa de Campo Resort & Villas"},"image":{"@id":"https:\/\/www.casadecampo.com.do\/es\/#\/schema\/logo\/image\/"}},{"@type":"Person","@id":"https:\/\/www.casadecampo.com.do\/es\/#\/schema\/person\/16d183a126e290ce344b279ccbc1e71b","name":"Sharon Stanish","image":{"@type":"ImageObject","inLanguage":"es","@id":"https:\/\/secure.gravatar.com\/avatar\/ae6d4429790e7072f94784b8bc182cb506093fb0f31935dd59820bcda351c14a?s=96&d=mm&r=g","url":"https:\/\/secure.gravatar.com\/avatar\/ae6d4429790e7072f94784b8bc182cb506093fb0f31935dd59820bcda351c14a?s=96&d=mm&r=g","contentUrl":"https:\/\/secure.gravatar.com\/avatar\/ae6d4429790e7072f94784b8bc182cb506093fb0f31935dd59820bcda351c14a?s=96&d=mm&r=g","caption":"Sharon Stanish"}}]}},"_links":{"self":[{"href":"https:\/\/www.casadecampo.com.do\/es\/wp-json\/wp\/v2\/posts\/84816","targetHints":{"allow":["GET"]}}],"collection":[{"href":"https:\/\/www.casadecampo.com.do\/es\/wp-json\/wp\/v2\/posts"}],"about":[{"href":"https:\/\/www.casadecampo.com.do\/es\/wp-json\/wp\/v2\/types\/post"}],"author":[{"embeddable":true,"href":"https:\/\/www.casadecampo.com.do\/es\/wp-json\/wp\/v2\/users\/15"}],"replies":[{"embeddable":true,"href":"https:\/\/www.casadecampo.com.do\/es\/wp-json\/wp\/v2\/comments?post=84816"}],"version-history":[{"count":0,"href":"https:\/\/www.casadecampo.com.do\/es\/wp-json\/wp\/v2\/posts\/84816\/revisions"}],"wp:featuredmedia":[{"embeddable":true,"href":"https:\/\/www.casadecampo.com.do\/es\/wp-json\/wp\/v2\/media\/42616"}],"wp:attachment":[{"href":"https:\/\/www.casadecampo.com.do\/es\/wp-json\/wp\/v2\/media?parent=84816"}],"wp:term":[{"taxonomy":"category","embeddable":true,"href":"https:\/\/www.casadecampo.com.do\/es\/wp-json\/wp\/v2\/categories?post=84816"},{"taxonomy":"post_tag","embeddable":true,"href":"https:\/\/www.casadecampo.com.do\/es\/wp-json\/wp\/v2\/tags?post=84816"}],"curies":[{"name":"wp","href":"https:\/\/api.w.org\/{rel}","templated":true}]}}