{"id":84809,"date":"2016-07-28T14:18:02","date_gmt":"2016-07-28T14:18:02","guid":{"rendered":"https:\/\/casadecampodev.wpenginepowered.com\/blog\/flavors-of-the-world-un-viaje-gastronomico-de-altura\/"},"modified":"2025-10-03T09:54:39","modified_gmt":"2025-10-03T09:54:39","slug":"flavors-of-the-world-un-viaje-gastronomico-de-altura","status":"publish","type":"post","link":"https:\/\/www.casadecampo.com.do\/es\/blog\/2016\/07\/28\/flavors-of-the-world-un-viaje-gastronomico-de-altura\/","title":{"rendered":"Flavors of the World: Un Viaje Gastron\u00f3mico de Altura"},"content":{"rendered":"Este verano est\u00e1 teniendo venue el festival gastron\u00f3mico m\u00e1s importante en Casa de Campo Resort &amp; Villas: Flavors of the World. Iniciativa impulsada desde el Departamento de Alimentos y Bebidas, Flavors of the World responde a la inquietud de explorar nuevas propuestas culinarias basadas en la experiencia como eje principal y en la creatividad como denominador com\u00fan.<\/p>\n<p>De mayo a noviembre, asistir a cualquiera de estos eventos (o a todos ellos) es un viaje gastron\u00f3mico alucinante que nos traslada al paladar patrio de cada una de las cocinas anfitrionas: Espa\u00f1a, Rep\u00fablica Dominicana, Miami, Italia, M\u00e9xico\u2026 Las cocinas m\u00e1s reconocidas y populares del mundo se concentran durante tres d\u00edas cada una para celebrar que comer es un placer en el que se requieren los cinco sentidos. Por ejemplo, el \u00faltimo evento en celebrarse fue el Flavors of the World Miami y ah\u00ed se pudo constatar que comida, creatividad y diversi\u00f3n van juntas de la mano, o mejor dicho, de la boca. Fueron tres d\u00edas intensos que incluy\u00f3 una fiesta en la playa por todo lo alto al estilo de Miami: volley playa, barbacoa, c\u00f3cteles y m\u00fasica para los afortunados asistentes que no dejaron de pas\u00e1rselo bien.<\/p>\n<p>Los eventos se dividen en tres actos: el primero se lleva a cabo el viernes por la noche y es la puesta en escena del festival para cada pa\u00eds y en donde se sirve la cena de presentaci\u00f3n de los chefs invitados, el segundo tiene venue el s\u00e1bado al mediod\u00eda y es una comida en nuestro restaurante de la playa con el Mar Caribe como testigo y aliciente a\u00f1adido, y el tercero es el domingo un brunch de despedida para afianzar nuevas amistades y nuevos sabores.<\/p>\n<p>El festival concluir\u00e1 en noviembre con el especial Flavors of the World y ser\u00e1 una culminaci\u00f3n exclusiva que contar\u00e1 con la presencia de todas las participaciones de los chefs y los restaurantes que recrearon su arte durante la temporada. Pero antes le tocar\u00e1 el turno a cocinas tan reconocidas mundialmente y tan cercanas como las de M\u00e9xico y Per\u00fa.<\/p>\n<p>Y si te gust\u00f3 alguno de los eventos ya celebrados o no pudiste acudir, no olvides que el pr\u00f3ximo mes de agosto le toca el turno a la cocina m\u00e1s exportada del mundo y otra de las m\u00e1s populares: \u00a1Italia! Y c\u00f3mo no, Flavors of the World Italia se celebrar\u00e1 en uno de nuestros restaurantes favoritos: \u00a1La Piazzetta de Altos de Chav\u00f3n!\n","protected":false},"excerpt":{"rendered":"","protected":false},"author":15,"featured_media":84810,"comment_status":"open","ping_status":"open","sticky":false,"template":"","format":"standard","meta":{"_acf_changed":false,"footnotes":""},"categories":[175],"tags":[],"class_list":["post-84809","post","type-post","status-publish","format-standard","has-post-thumbnail","hentry","category-blog-2"],"acf":[],"yoast_head":"<!-- This site is optimized with the Yoast SEO plugin v27.2 - https:\/\/yoast.com\/product\/yoast-seo-wordpress\/ -->\n<title>Flavors of the World: Un Viaje Gastron\u00f3mico de Altura | Casa de Campo<\/title>\n<meta name=\"description\" content=\"Explora un viaje gastron\u00f3mico de alto nivel con chefs de renombre y experiencias culinarias exquisitas en nuestros restaurantes de La Romana.\" \/>\n<meta name=\"robots\" content=\"index, follow, max-snippet:-1, max-image-preview:large, max-video-preview:-1\" \/>\n<link rel=\"canonical\" href=\"https:\/\/www.casadecampo.com.do\/es\/blog\/2016\/07\/28\/flavors-of-the-world-un-viaje-gastronomico-de-altura\/\" \/>\n<meta property=\"og:locale\" content=\"es_ES\" \/>\n<meta property=\"og:type\" content=\"article\" \/>\n<meta property=\"og:title\" content=\"Flavors of the World: Un Viaje Gastron\u00f3mico de Altura | Casa de Campo\" \/>\n<meta property=\"og:description\" content=\"Explora un viaje gastron\u00f3mico de alto nivel con chefs de renombre y experiencias culinarias exquisitas en nuestros restaurantes de La Romana.\" \/>\n<meta property=\"og:url\" content=\"https:\/\/www.casadecampo.com.do\/es\/blog\/2016\/07\/28\/flavors-of-the-world-un-viaje-gastronomico-de-altura\/\" \/>\n<meta property=\"og:site_name\" content=\"Casa de Campo\" \/>\n<meta property=\"article:published_time\" content=\"2016-07-28T14:18:02+00:00\" \/>\n<meta property=\"article:modified_time\" content=\"2025-10-03T09:54:39+00:00\" \/>\n<meta property=\"og:image\" content=\"https:\/\/www.casadecampo.com.do\/wp-content\/uploads\/2025\/10\/la-piazzetta-casa-de-campo-min-1-800x600-1.jpg\" \/>\n\t<meta property=\"og:image:width\" content=\"800\" \/>\n\t<meta property=\"og:image:height\" content=\"600\" \/>\n\t<meta property=\"og:image:type\" content=\"image\/jpeg\" \/>\n<meta name=\"author\" content=\"Sharon Stanish\" \/>\n<meta name=\"twitter:card\" content=\"summary_large_image\" \/>\n<meta name=\"twitter:label1\" content=\"Escrito por\" \/>\n\t<meta name=\"twitter:data1\" content=\"Sharon Stanish\" \/>\n\t<meta name=\"twitter:label2\" content=\"Tiempo de lectura\" \/>\n\t<meta name=\"twitter:data2\" content=\"2 minutos\" \/>\n<!-- \/ Yoast SEO plugin. -->","yoast_head_json":{"title":"Flavors of the World: Un Viaje Gastron\u00f3mico de Altura | Casa de Campo","description":"Explora un viaje gastron\u00f3mico de alto nivel con chefs de renombre y experiencias culinarias exquisitas en nuestros restaurantes de La Romana.","robots":{"index":"index","follow":"follow","max-snippet":"max-snippet:-1","max-image-preview":"max-image-preview:large","max-video-preview":"max-video-preview:-1"},"canonical":"https:\/\/www.casadecampo.com.do\/es\/blog\/2016\/07\/28\/flavors-of-the-world-un-viaje-gastronomico-de-altura\/","og_locale":"es_ES","og_type":"article","og_title":"Flavors of the World: Un Viaje Gastron\u00f3mico de Altura | Casa de Campo","og_description":"Explora un viaje gastron\u00f3mico de alto nivel con chefs de renombre y experiencias culinarias exquisitas en nuestros restaurantes de La Romana.","og_url":"https:\/\/www.casadecampo.com.do\/es\/blog\/2016\/07\/28\/flavors-of-the-world-un-viaje-gastronomico-de-altura\/","og_site_name":"Casa de Campo","article_published_time":"2016-07-28T14:18:02+00:00","article_modified_time":"2025-10-03T09:54:39+00:00","og_image":[{"width":800,"height":600,"url":"https:\/\/www.casadecampo.com.do\/wp-content\/uploads\/2025\/10\/la-piazzetta-casa-de-campo-min-1-800x600-1.jpg","type":"image\/jpeg"}],"author":"Sharon Stanish","twitter_card":"summary_large_image","twitter_misc":{"Escrito por":"Sharon Stanish","Tiempo de lectura":"2 minutos"},"schema":{"@context":"https:\/\/schema.org","@graph":[{"@type":"Article","@id":"https:\/\/www.casadecampo.com.do\/es\/blog\/2016\/07\/28\/flavors-of-the-world-un-viaje-gastronomico-de-altura\/#article","isPartOf":{"@id":"https:\/\/www.casadecampo.com.do\/es\/blog\/2016\/07\/28\/flavors-of-the-world-un-viaje-gastronomico-de-altura\/"},"author":{"name":"Sharon Stanish","@id":"https:\/\/www.casadecampo.com.do\/es\/#\/schema\/person\/16d183a126e290ce344b279ccbc1e71b"},"headline":"Flavors of the World: Un Viaje Gastron\u00f3mico de Altura","datePublished":"2016-07-28T14:18:02+00:00","dateModified":"2025-10-03T09:54:39+00:00","mainEntityOfPage":{"@id":"https:\/\/www.casadecampo.com.do\/es\/blog\/2016\/07\/28\/flavors-of-the-world-un-viaje-gastronomico-de-altura\/"},"wordCount":452,"commentCount":0,"publisher":{"@id":"https:\/\/www.casadecampo.com.do\/es\/#organization"},"image":{"@id":"https:\/\/www.casadecampo.com.do\/es\/blog\/2016\/07\/28\/flavors-of-the-world-un-viaje-gastronomico-de-altura\/#primaryimage"},"thumbnailUrl":"https:\/\/www.casadecampo.com.do\/wp-content\/uploads\/2025\/10\/la-piazzetta-casa-de-campo-min-1-800x600-1.jpg","articleSection":["Blog"],"inLanguage":"es","potentialAction":[{"@type":"CommentAction","name":"Comment","target":["https:\/\/www.casadecampo.com.do\/es\/blog\/2016\/07\/28\/flavors-of-the-world-un-viaje-gastronomico-de-altura\/#respond"]}]},{"@type":"WebPage","@id":"https:\/\/www.casadecampo.com.do\/es\/blog\/2016\/07\/28\/flavors-of-the-world-un-viaje-gastronomico-de-altura\/","url":"https:\/\/www.casadecampo.com.do\/es\/blog\/2016\/07\/28\/flavors-of-the-world-un-viaje-gastronomico-de-altura\/","name":"Flavors of the World: Un Viaje Gastron\u00f3mico de Altura | Casa de Campo","isPartOf":{"@id":"https:\/\/www.casadecampo.com.do\/es\/#website"},"primaryImageOfPage":{"@id":"https:\/\/www.casadecampo.com.do\/es\/blog\/2016\/07\/28\/flavors-of-the-world-un-viaje-gastronomico-de-altura\/#primaryimage"},"image":{"@id":"https:\/\/www.casadecampo.com.do\/es\/blog\/2016\/07\/28\/flavors-of-the-world-un-viaje-gastronomico-de-altura\/#primaryimage"},"thumbnailUrl":"https:\/\/www.casadecampo.com.do\/wp-content\/uploads\/2025\/10\/la-piazzetta-casa-de-campo-min-1-800x600-1.jpg","datePublished":"2016-07-28T14:18:02+00:00","dateModified":"2025-10-03T09:54:39+00:00","description":"Explora un viaje gastron\u00f3mico de alto nivel con chefs de renombre y experiencias culinarias exquisitas en nuestros restaurantes de La Romana.","breadcrumb":{"@id":"https:\/\/www.casadecampo.com.do\/es\/blog\/2016\/07\/28\/flavors-of-the-world-un-viaje-gastronomico-de-altura\/#breadcrumb"},"inLanguage":"es","potentialAction":[{"@type":"ReadAction","target":["https:\/\/www.casadecampo.com.do\/es\/blog\/2016\/07\/28\/flavors-of-the-world-un-viaje-gastronomico-de-altura\/"]}]},{"@type":"ImageObject","inLanguage":"es","@id":"https:\/\/www.casadecampo.com.do\/es\/blog\/2016\/07\/28\/flavors-of-the-world-un-viaje-gastronomico-de-altura\/#primaryimage","url":"https:\/\/www.casadecampo.com.do\/wp-content\/uploads\/2025\/10\/la-piazzetta-casa-de-campo-min-1-800x600-1.jpg","contentUrl":"https:\/\/www.casadecampo.com.do\/wp-content\/uploads\/2025\/10\/la-piazzetta-casa-de-campo-min-1-800x600-1.jpg","width":800,"height":600},{"@type":"BreadcrumbList","@id":"https:\/\/www.casadecampo.com.do\/es\/blog\/2016\/07\/28\/flavors-of-the-world-un-viaje-gastronomico-de-altura\/#breadcrumb","itemListElement":[{"@type":"ListItem","position":1,"name":"Inicio","item":"https:\/\/www.casadecampo.com.do\/es\/"},{"@type":"ListItem","position":2,"name":"Flavors of the World: Un Viaje Gastron\u00f3mico de Altura"}]},{"@type":"WebSite","@id":"https:\/\/www.casadecampo.com.do\/es\/#website","url":"https:\/\/www.casadecampo.com.do\/es\/","name":"Casa de Campo","description":"The most exclusive resort in the Caribbean","publisher":{"@id":"https:\/\/www.casadecampo.com.do\/es\/#organization"},"potentialAction":[{"@type":"SearchAction","target":{"@type":"EntryPoint","urlTemplate":"https:\/\/www.casadecampo.com.do\/es\/?s={search_term_string}"},"query-input":{"@type":"PropertyValueSpecification","valueRequired":true,"valueName":"search_term_string"}}],"inLanguage":"es"},{"@type":"Organization","@id":"https:\/\/www.casadecampo.com.do\/es\/#organization","name":"Casa de Campo Resort & Villas","url":"https:\/\/www.casadecampo.com.do\/es\/","logo":{"@type":"ImageObject","inLanguage":"es","@id":"https:\/\/www.casadecampo.com.do\/es\/#\/schema\/logo\/image\/","url":"https:\/\/www.casadecampo.com.do\/wp-content\/uploads\/2025\/09\/cdc-favicon.png","contentUrl":"https:\/\/www.casadecampo.com.do\/wp-content\/uploads\/2025\/09\/cdc-favicon.png","width":1024,"height":1009,"caption":"Casa de Campo Resort & Villas"},"image":{"@id":"https:\/\/www.casadecampo.com.do\/es\/#\/schema\/logo\/image\/"}},{"@type":"Person","@id":"https:\/\/www.casadecampo.com.do\/es\/#\/schema\/person\/16d183a126e290ce344b279ccbc1e71b","name":"Sharon Stanish","image":{"@type":"ImageObject","inLanguage":"es","@id":"https:\/\/secure.gravatar.com\/avatar\/ae6d4429790e7072f94784b8bc182cb506093fb0f31935dd59820bcda351c14a?s=96&d=mm&r=g","url":"https:\/\/secure.gravatar.com\/avatar\/ae6d4429790e7072f94784b8bc182cb506093fb0f31935dd59820bcda351c14a?s=96&d=mm&r=g","contentUrl":"https:\/\/secure.gravatar.com\/avatar\/ae6d4429790e7072f94784b8bc182cb506093fb0f31935dd59820bcda351c14a?s=96&d=mm&r=g","caption":"Sharon Stanish"}}]}},"_links":{"self":[{"href":"https:\/\/www.casadecampo.com.do\/es\/wp-json\/wp\/v2\/posts\/84809","targetHints":{"allow":["GET"]}}],"collection":[{"href":"https:\/\/www.casadecampo.com.do\/es\/wp-json\/wp\/v2\/posts"}],"about":[{"href":"https:\/\/www.casadecampo.com.do\/es\/wp-json\/wp\/v2\/types\/post"}],"author":[{"embeddable":true,"href":"https:\/\/www.casadecampo.com.do\/es\/wp-json\/wp\/v2\/users\/15"}],"replies":[{"embeddable":true,"href":"https:\/\/www.casadecampo.com.do\/es\/wp-json\/wp\/v2\/comments?post=84809"}],"version-history":[{"count":0,"href":"https:\/\/www.casadecampo.com.do\/es\/wp-json\/wp\/v2\/posts\/84809\/revisions"}],"wp:featuredmedia":[{"embeddable":true,"href":"https:\/\/www.casadecampo.com.do\/es\/wp-json\/wp\/v2\/media\/84810"}],"wp:attachment":[{"href":"https:\/\/www.casadecampo.com.do\/es\/wp-json\/wp\/v2\/media?parent=84809"}],"wp:term":[{"taxonomy":"category","embeddable":true,"href":"https:\/\/www.casadecampo.com.do\/es\/wp-json\/wp\/v2\/categories?post=84809"},{"taxonomy":"post_tag","embeddable":true,"href":"https:\/\/www.casadecampo.com.do\/es\/wp-json\/wp\/v2\/tags?post=84809"}],"curies":[{"name":"wp","href":"https:\/\/api.w.org\/{rel}","templated":true}]}}