{"id":84785,"date":"2017-11-07T21:58:31","date_gmt":"2017-11-08T01:58:31","guid":{"rendered":"https:\/\/casadecampodev.wpenginepowered.com\/blog\/12"},"modified":"2025-11-29T13:11:45","modified_gmt":"2025-11-29T17:11:45","slug":"altos-de-chavon-stellar-film-school","status":"publish","type":"post","link":"https:\/\/www.casadecampo.com.do\/es\/blog\/2017\/11\/07\/altos-de-chavon-stellar-film-school\/","title":{"rendered":"Altos de Chav\u00f3n, Escuela de Cine Estelar"},"content":{"rendered":"\n<h2 class=\"wp-block-heading\"><strong>Conozca la nueva carrera de cine en la Escuela de Dise\u00f1o Altos de Chav\u00f3n<\/strong><\/h2>\n\n\n\n<p>Altos de Chav\u00f3n es conocida por ser una villa al estilo mediterr\u00e1neo justo en el coraz\u00f3n de Casa de Campo, con un imponente anfiteatro que ha recibido artistas de talla mundial. Pero tambi\u00e9n, este encantador pueblito es el hogar de la Escuela de Dise\u00f1o de Altos de Chav\u00f3n, pionera en la ense\u00f1anza de arte y dise\u00f1o en la Rep\u00fablica Dominicana por m\u00e1s de tres d\u00e9cadas y una de las escuelas de su tipo con m\u00e1s renombre en el mundo.<\/p>\n\n\n\n<figure class=\"wp-block-image\"><img decoding=\"async\" src=\"https:\/\/www.casadecampo.com.do\/wp-content\/uploads\/2025\/10\/Altos-de-Chavon-gallery-2-min-800x600-300x225-1.jpg\" alt=\"Aerial of altos de chavon\" loading=\"lazy\" \/><\/figure>\n\n\n\n<p>En el mes de febrero la escuela inaugur\u00f3 en su campus de La Romana una carrera de dos a\u00f1os especializada en <strong>Cine y Multimedia<\/strong>, ofreciendo una visi\u00f3n profunda del proceso de creaci\u00f3n audiovisual tanto de forma te\u00f3rica como pr\u00e1ctica. Los estudiantes tendr\u00e1n la oportunidad de aprender de instructores locales e internacionales a trav\u00e9s de talleres intensivos, investigaci\u00f3n creativa y experimentaci\u00f3n. &#8220;El requisito principal para estudiar cine en Chav\u00f3n es amar el cine de manera apasionada&#8221;, comenta Tanya Valette, s\u00e9ptima Directora General de la Escuela Internacional de Cine y Televisi\u00f3n de San Antonio de los Ba\u00f1os en Cuba, y actual directora de la carrera de Cine de Chav\u00f3n.<\/p>\n\n\n\n<p>Aunque la primera generaci\u00f3n de estudiantes no ha finalizado sus estudios, Altos de Chav\u00f3n ya fue seleccionada como una &#8220;<strong>Escuela de Cine Estelar<\/strong>&#8221; por la revista Variety, una publicaci\u00f3n l\u00edder en el sector del entretenimento, a la par con importantes escuelas como NYU, Stanford, London University y muchas m\u00e1s.<\/p>\n\n\n\n<p>Para los interesados en ser parte de la segunda generaci\u00f3n del programa de cine, las inscripciones ya est\u00e1n abiertas para septiembre 2018 en el Campus La Romana. Sin embargo, si solo busca especializarse en \u00e1reas espec\u00edficas de la producci\u00f3n audiovisual por tiempo reducido puede aprovechar los programas de Educaci\u00f3n Continua y Verano Internacional, los cuales cubren un rango de temas relacionados al cine como edici\u00f3n, cinematograf\u00eda, registro sonoro, guiones, direcci\u00f3n de arte y m\u00e1s.<\/p>\n","protected":false},"excerpt":{"rendered":"<p>Conozca la nueva carrera de cine en la Escuela de Dise\u00f1o Altos de Chav\u00f3n Altos de Chav\u00f3n es conocida por ser una villa al estilo mediterr\u00e1neo justo en el coraz\u00f3n de Casa de Campo, con un imponente anfiteatro que ha recibido artistas de talla mundial. Pero tambi\u00e9n, este encantador pueblito es el hogar de la [&hellip;]<\/p>\n","protected":false},"author":14,"featured_media":84786,"comment_status":"closed","ping_status":"closed","sticky":false,"template":"","format":"standard","meta":{"_acf_changed":false,"footnotes":""},"categories":[175],"tags":[],"class_list":["post-84785","post","type-post","status-publish","format-standard","has-post-thumbnail","hentry","category-blog-2"],"acf":[],"yoast_head":"<!-- This site is optimized with the Yoast SEO plugin v27.2 - https:\/\/yoast.com\/product\/yoast-seo-wordpress\/ -->\n<title>Altos de Chav\u00f3n, Escuela de Cine Estelar | Casa de Campo<\/title>\n<meta name=\"description\" content=\"Altos de Chav\u00f3n es conocida por ser una villa al estilo mediterr\u00e1neo justo en el coraz\u00f3n de Casa de Campo, con un imponente anfiteatro.\" \/>\n<meta name=\"robots\" content=\"index, follow, max-snippet:-1, max-image-preview:large, max-video-preview:-1\" \/>\n<link rel=\"canonical\" href=\"https:\/\/www.casadecampo.com.do\/es\/blog\/2017\/11\/07\/altos-de-chavon-stellar-film-school\/\" \/>\n<meta property=\"og:locale\" content=\"es_ES\" \/>\n<meta property=\"og:type\" content=\"article\" \/>\n<meta property=\"og:title\" content=\"Altos de Chav\u00f3n, Escuela de Cine Estelar | Casa de Campo\" \/>\n<meta property=\"og:description\" content=\"Altos de Chav\u00f3n es conocida por ser una villa al estilo mediterr\u00e1neo justo en el coraz\u00f3n de Casa de Campo, con un imponente anfiteatro.\" \/>\n<meta property=\"og:url\" content=\"https:\/\/www.casadecampo.com.do\/es\/blog\/2017\/11\/07\/altos-de-chavon-stellar-film-school\/\" \/>\n<meta property=\"og:site_name\" content=\"Casa de Campo\" \/>\n<meta property=\"article:published_time\" content=\"2017-11-08T01:58:31+00:00\" \/>\n<meta property=\"article:modified_time\" content=\"2025-11-29T17:11:45+00:00\" \/>\n<meta property=\"og:image\" content=\"https:\/\/www.casadecampo.com.do\/wp-content\/uploads\/2025\/10\/hero-altos-de-chavon-design-school-480x280-2.jpg\" \/>\n\t<meta property=\"og:image:width\" content=\"480\" \/>\n\t<meta property=\"og:image:height\" content=\"280\" \/>\n\t<meta property=\"og:image:type\" content=\"image\/jpeg\" \/>\n<meta name=\"author\" content=\"Casa de Campo\" \/>\n<meta name=\"twitter:card\" content=\"summary_large_image\" \/>\n<meta name=\"twitter:label1\" content=\"Escrito por\" \/>\n\t<meta name=\"twitter:data1\" content=\"Casa de Campo\" \/>\n\t<meta name=\"twitter:label2\" content=\"Tiempo de lectura\" \/>\n\t<meta name=\"twitter:data2\" content=\"2 minutos\" \/>\n<!-- \/ Yoast SEO plugin. -->","yoast_head_json":{"title":"Altos de Chav\u00f3n, Escuela de Cine Estelar | Casa de Campo","description":"Altos de Chav\u00f3n es conocida por ser una villa al estilo mediterr\u00e1neo justo en el coraz\u00f3n de Casa de Campo, con un imponente anfiteatro.","robots":{"index":"index","follow":"follow","max-snippet":"max-snippet:-1","max-image-preview":"max-image-preview:large","max-video-preview":"max-video-preview:-1"},"canonical":"https:\/\/www.casadecampo.com.do\/es\/blog\/2017\/11\/07\/altos-de-chavon-stellar-film-school\/","og_locale":"es_ES","og_type":"article","og_title":"Altos de Chav\u00f3n, Escuela de Cine Estelar | Casa de Campo","og_description":"Altos de Chav\u00f3n es conocida por ser una villa al estilo mediterr\u00e1neo justo en el coraz\u00f3n de Casa de Campo, con un imponente anfiteatro.","og_url":"https:\/\/www.casadecampo.com.do\/es\/blog\/2017\/11\/07\/altos-de-chavon-stellar-film-school\/","og_site_name":"Casa de Campo","article_published_time":"2017-11-08T01:58:31+00:00","article_modified_time":"2025-11-29T17:11:45+00:00","og_image":[{"width":480,"height":280,"url":"https:\/\/www.casadecampo.com.do\/wp-content\/uploads\/2025\/10\/hero-altos-de-chavon-design-school-480x280-2.jpg","type":"image\/jpeg"}],"author":"Casa de Campo","twitter_card":"summary_large_image","twitter_misc":{"Escrito por":"Casa de Campo","Tiempo de lectura":"2 minutos"},"schema":{"@context":"https:\/\/schema.org","@graph":[{"@type":"Article","@id":"https:\/\/www.casadecampo.com.do\/es\/blog\/2017\/11\/07\/altos-de-chavon-stellar-film-school\/#article","isPartOf":{"@id":"https:\/\/www.casadecampo.com.do\/es\/blog\/2017\/11\/07\/altos-de-chavon-stellar-film-school\/"},"author":{"name":"Casa de Campo","@id":"https:\/\/www.casadecampo.com.do\/es\/#\/schema\/person\/5901e9a3f692b5f75781a4023df4008e"},"headline":"Altos de Chav\u00f3n, Escuela de Cine Estelar","datePublished":"2017-11-08T01:58:31+00:00","dateModified":"2025-11-29T17:11:45+00:00","mainEntityOfPage":{"@id":"https:\/\/www.casadecampo.com.do\/es\/blog\/2017\/11\/07\/altos-de-chavon-stellar-film-school\/"},"wordCount":372,"publisher":{"@id":"https:\/\/www.casadecampo.com.do\/es\/#organization"},"image":{"@id":"https:\/\/www.casadecampo.com.do\/es\/blog\/2017\/11\/07\/altos-de-chavon-stellar-film-school\/#primaryimage"},"thumbnailUrl":"https:\/\/www.casadecampo.com.do\/wp-content\/uploads\/2025\/10\/hero-altos-de-chavon-design-school-480x280-2.jpg","articleSection":["Blog"],"inLanguage":"es"},{"@type":"WebPage","@id":"https:\/\/www.casadecampo.com.do\/es\/blog\/2017\/11\/07\/altos-de-chavon-stellar-film-school\/","url":"https:\/\/www.casadecampo.com.do\/es\/blog\/2017\/11\/07\/altos-de-chavon-stellar-film-school\/","name":"Altos de Chav\u00f3n, Escuela de Cine Estelar | Casa de Campo","isPartOf":{"@id":"https:\/\/www.casadecampo.com.do\/es\/#website"},"primaryImageOfPage":{"@id":"https:\/\/www.casadecampo.com.do\/es\/blog\/2017\/11\/07\/altos-de-chavon-stellar-film-school\/#primaryimage"},"image":{"@id":"https:\/\/www.casadecampo.com.do\/es\/blog\/2017\/11\/07\/altos-de-chavon-stellar-film-school\/#primaryimage"},"thumbnailUrl":"https:\/\/www.casadecampo.com.do\/wp-content\/uploads\/2025\/10\/hero-altos-de-chavon-design-school-480x280-2.jpg","datePublished":"2017-11-08T01:58:31+00:00","dateModified":"2025-11-29T17:11:45+00:00","description":"Altos de Chav\u00f3n es conocida por ser una villa al estilo mediterr\u00e1neo justo en el coraz\u00f3n de Casa de Campo, con un imponente anfiteatro.","breadcrumb":{"@id":"https:\/\/www.casadecampo.com.do\/es\/blog\/2017\/11\/07\/altos-de-chavon-stellar-film-school\/#breadcrumb"},"inLanguage":"es","potentialAction":[{"@type":"ReadAction","target":["https:\/\/www.casadecampo.com.do\/es\/blog\/2017\/11\/07\/altos-de-chavon-stellar-film-school\/"]}]},{"@type":"ImageObject","inLanguage":"es","@id":"https:\/\/www.casadecampo.com.do\/es\/blog\/2017\/11\/07\/altos-de-chavon-stellar-film-school\/#primaryimage","url":"https:\/\/www.casadecampo.com.do\/wp-content\/uploads\/2025\/10\/hero-altos-de-chavon-design-school-480x280-2.jpg","contentUrl":"https:\/\/www.casadecampo.com.do\/wp-content\/uploads\/2025\/10\/hero-altos-de-chavon-design-school-480x280-2.jpg","width":480,"height":280,"caption":"Altos de Chavon School of Design at Casa de Campo"},{"@type":"BreadcrumbList","@id":"https:\/\/www.casadecampo.com.do\/es\/blog\/2017\/11\/07\/altos-de-chavon-stellar-film-school\/#breadcrumb","itemListElement":[{"@type":"ListItem","position":1,"name":"Inicio","item":"https:\/\/www.casadecampo.com.do\/es\/"},{"@type":"ListItem","position":2,"name":"Altos de Chav\u00f3n, Escuela de Cine Estelar"}]},{"@type":"WebSite","@id":"https:\/\/www.casadecampo.com.do\/es\/#website","url":"https:\/\/www.casadecampo.com.do\/es\/","name":"Casa de Campo","description":"The most exclusive resort in the Caribbean","publisher":{"@id":"https:\/\/www.casadecampo.com.do\/es\/#organization"},"potentialAction":[{"@type":"SearchAction","target":{"@type":"EntryPoint","urlTemplate":"https:\/\/www.casadecampo.com.do\/es\/?s={search_term_string}"},"query-input":{"@type":"PropertyValueSpecification","valueRequired":true,"valueName":"search_term_string"}}],"inLanguage":"es"},{"@type":"Organization","@id":"https:\/\/www.casadecampo.com.do\/es\/#organization","name":"Casa de Campo Resort & Villas","url":"https:\/\/www.casadecampo.com.do\/es\/","logo":{"@type":"ImageObject","inLanguage":"es","@id":"https:\/\/www.casadecampo.com.do\/es\/#\/schema\/logo\/image\/","url":"https:\/\/www.casadecampo.com.do\/wp-content\/uploads\/2025\/09\/cdc-favicon.png","contentUrl":"https:\/\/www.casadecampo.com.do\/wp-content\/uploads\/2025\/09\/cdc-favicon.png","width":1024,"height":1009,"caption":"Casa de Campo Resort & Villas"},"image":{"@id":"https:\/\/www.casadecampo.com.do\/es\/#\/schema\/logo\/image\/"}},{"@type":"Person","@id":"https:\/\/www.casadecampo.com.do\/es\/#\/schema\/person\/5901e9a3f692b5f75781a4023df4008e","name":"Casa de Campo","image":{"@type":"ImageObject","inLanguage":"es","@id":"https:\/\/secure.gravatar.com\/avatar\/0b70ee4c93ca1f126970f2f8a2c80aba4b01d74f3380db24e32a523f3e8581a6?s=96&d=mm&r=g","url":"https:\/\/secure.gravatar.com\/avatar\/0b70ee4c93ca1f126970f2f8a2c80aba4b01d74f3380db24e32a523f3e8581a6?s=96&d=mm&r=g","contentUrl":"https:\/\/secure.gravatar.com\/avatar\/0b70ee4c93ca1f126970f2f8a2c80aba4b01d74f3380db24e32a523f3e8581a6?s=96&d=mm&r=g","caption":"Casa de Campo"}}]}},"_links":{"self":[{"href":"https:\/\/www.casadecampo.com.do\/es\/wp-json\/wp\/v2\/posts\/84785","targetHints":{"allow":["GET"]}}],"collection":[{"href":"https:\/\/www.casadecampo.com.do\/es\/wp-json\/wp\/v2\/posts"}],"about":[{"href":"https:\/\/www.casadecampo.com.do\/es\/wp-json\/wp\/v2\/types\/post"}],"author":[{"embeddable":true,"href":"https:\/\/www.casadecampo.com.do\/es\/wp-json\/wp\/v2\/users\/14"}],"replies":[{"embeddable":true,"href":"https:\/\/www.casadecampo.com.do\/es\/wp-json\/wp\/v2\/comments?post=84785"}],"version-history":[{"count":0,"href":"https:\/\/www.casadecampo.com.do\/es\/wp-json\/wp\/v2\/posts\/84785\/revisions"}],"wp:featuredmedia":[{"embeddable":true,"href":"https:\/\/www.casadecampo.com.do\/es\/wp-json\/wp\/v2\/media\/84786"}],"wp:attachment":[{"href":"https:\/\/www.casadecampo.com.do\/es\/wp-json\/wp\/v2\/media?parent=84785"}],"wp:term":[{"taxonomy":"category","embeddable":true,"href":"https:\/\/www.casadecampo.com.do\/es\/wp-json\/wp\/v2\/categories?post=84785"},{"taxonomy":"post_tag","embeddable":true,"href":"https:\/\/www.casadecampo.com.do\/es\/wp-json\/wp\/v2\/tags?post=84785"}],"curies":[{"name":"wp","href":"https:\/\/api.w.org\/{rel}","templated":true}]}}