{"id":84730,"date":"2019-02-12T20:44:55","date_gmt":"2019-02-12T20:44:55","guid":{"rendered":"https:\/\/casadecampodev.wpenginepowered.com\/blog\/12"},"modified":"2025-10-03T09:54:29","modified_gmt":"2025-10-03T09:54:29","slug":"spotlight-on-matias-territoriale","status":"publish","type":"post","link":"https:\/\/www.casadecampo.com.do\/es\/blog\/2019\/02\/12\/spotlight-on-matias-territoriale\/","title":{"rendered":"Enfoque en Mat\u00edas Territoriale"},"content":{"rendered":"<h3 style=\"text-align: center;\"><span style=\"color: #4759a2;\">Director de Tenis con Clasificaci\u00f3n Mundial ITF<\/span><\/h3>\n<p><img loading=\"lazy\" decoding=\"async\" class=\"aligncenter wp-image-19537\" src=\"https:\/\/www.casadecampo.com.do\/wp-content\/uploads\/2025\/10\/Matias-Territoriale-7.jpg\" alt=\"Mat\u00edas Territoriale, Director de Tenis con Clasificaci\u00f3n Mundial ITF\" width=\"617\" height=\"462\" \/><\/p>\n<p><strong>HA JUGADO CON VARIOS CLIENTES, CELEBRIDADES Y ATLETAS NOTABLES DURANTE SU TIEMPO AQU\u00cd. \u00bfTIENE MOMENTOS MEMORABLES PARA COMPARTIR? <\/strong><\/p>\n<blockquote><p><em>El a\u00f1o pasado tuvimos una exhibici\u00f3n de tenis con Nicol\u00e1s Almagro y V\u00edctor Estrella. Ambos son jugadores profesionales muy talentosos que ofrecen su tiempo para darles cl\u00ednicas a los ni\u00f1os. Tambi\u00e9n el Centro de Tenis ha sido locaci\u00f3n de reality shows, sesiones de fotos y videos muchas veces en el pasado.<\/em><\/p><\/blockquote>\n<p><strong>\u00bfQU\u00c9 ES LO M\u00c1S GRATIFICANTE DE SU ROL COMO DIRECTOR DE TENIS?<\/strong><\/p>\n<blockquote><p><em>Las relaciones que hemos construido con los hu\u00e9spedes, la satisfacci\u00f3n de dar un buen servicio y trabajar junto a nuestros boleritos. No solo son parte del personal de tenis, tambi\u00e9n se han convertido en jugadores profesionales desde que son ni\u00f1os y han participado en competencias. Me hacen sentir muy orgulloso.<\/em><\/p><\/blockquote>\n<p><strong>\u00bfQU\u00c9 ES LO QUE M\u00c1S LE GUSTA ACERCA DE ENSE\u00d1ARLE TENIS A LOS NI\u00d1OS?<\/strong><\/p>\n<blockquote><p><em>Trabajar con ni\u00f1os desde el principio puede crear una base s\u00f3lida. Me gusta ver su desarrollo constante y ayudarles a descubrir sus habilidades y talentos con nuestra Academia de Tenis. Actualmente tenemos m\u00e1s de 50 ni\u00f1os con edades entre 5 y 16 a\u00f1os tomando clases de forma regular.<\/em><\/p><\/blockquote>\n<p><strong>\u00bfDE QU\u00c9 EST\u00c1 M\u00c1S ORGULLOSO EN LO QUE CONCIERNE AL PROGRAMA DE TENIS Y LAS INSTALACIONES EN CASA?<\/strong><\/p>\n<blockquote><p><em>Cuando llegu\u00e9 en enero 2017 me sorprend\u00ed de encontrar un club con instalaciones de alta calidad. Es algo muy singular en el Caribe para las canchas y su ubicaci\u00f3n. En Casa de Campo se pueden crear experiencias memorables para cada miembro de la familia.<\/em><\/p><\/blockquote>\n<p><strong>\u00bfCU\u00c1L ES EL DESARROLLO RECIENTE M\u00c1S EMOCIONANTE PARA LOS AMANTES DEL TENIS EN CASA?<\/strong><\/p>\n<blockquote><p><em>Recientemente las 13 canchas fueron completamente renovadas con nuevos equipamientos y materiales, estamos renovando la piscina del club para tener un lugar m\u00e1s completo y moderno para la recreaci\u00f3n de nuestros visitantes. Est\u00e1 planeado realizar mejoras en la iluminaci\u00f3n de las canchas y extenderlas al resto para tener m\u00e1s disponibilidad de noche de acuerdo a la demanda. Este a\u00f1o tendremos la 42\u00b0 edici\u00f3n de nuestro torneo internacional anual, uno de los torneos de tenis m\u00e1s tradicionales del pa\u00eds. Tambi\u00e9n hemos incluido el torneo junior nacional y una exhibici\u00f3n con jugadores profesionales de todo el mundo.<\/em><\/p><\/blockquote>\n","protected":false},"excerpt":{"rendered":"<p>Director de Tenis con Clasificaci\u00f3n Mundial ITF HA JUGADO CON VARIOS CLIENTES, CELEBRIDADES Y ATLETAS NOTABLES DURANTE SU TIEMPO AQU\u00cd. \u00bfTIENE MOMENTOS MEMORABLES PARA COMPARTIR? El a\u00f1o pasado tuvimos una exhibici\u00f3n de tenis con Nicol\u00e1s Almagro y V\u00edctor Estrella. Ambos son jugadores profesionales muy talentosos que ofrecen su tiempo para darles cl\u00ednicas a los ni\u00f1os. [&hellip;]<\/p>\n","protected":false},"author":12,"featured_media":29270,"comment_status":"closed","ping_status":"closed","sticky":false,"template":"","format":"standard","meta":{"_acf_changed":false,"footnotes":""},"categories":[175],"tags":[],"class_list":["post-84730","post","type-post","status-publish","format-standard","has-post-thumbnail","hentry","category-blog-2"],"acf":[],"yoast_head":"<!-- This site is optimized with the Yoast SEO plugin v27.2 - https:\/\/yoast.com\/product\/yoast-seo-wordpress\/ -->\n<title>Enfoque en Mat\u00edas Territoriale, Director de Tenis | Casa de Campo<\/title>\n<meta name=\"description\" content=\"Director de tenis con clasificaci\u00f3n mundial itf ha jugado con varios clientes, celebridades y atletas notables durante su tiempo aqu\u00ed.\" \/>\n<meta name=\"robots\" content=\"index, follow, max-snippet:-1, max-image-preview:large, max-video-preview:-1\" \/>\n<link rel=\"canonical\" href=\"https:\/\/www.casadecampo.com.do\/es\/blog\/2019\/02\/12\/spotlight-on-matias-territoriale\/\" \/>\n<meta property=\"og:locale\" content=\"es_ES\" \/>\n<meta property=\"og:type\" content=\"article\" \/>\n<meta property=\"og:title\" content=\"Enfoque en Mat\u00edas Territoriale, Director de Tenis | Casa de Campo\" \/>\n<meta property=\"og:description\" content=\"Director de tenis con clasificaci\u00f3n mundial itf ha jugado con varios clientes, celebridades y atletas notables durante su tiempo aqu\u00ed.\" \/>\n<meta property=\"og:url\" content=\"https:\/\/www.casadecampo.com.do\/es\/blog\/2019\/02\/12\/spotlight-on-matias-territoriale\/\" \/>\n<meta property=\"og:site_name\" content=\"Casa de Campo\" \/>\n<meta property=\"article:published_time\" content=\"2019-02-12T20:44:55+00:00\" \/>\n<meta property=\"article:modified_time\" content=\"2025-10-03T09:54:29+00:00\" \/>\n<meta property=\"og:image\" content=\"https:\/\/www.casadecampo.com.do\/wp-content\/uploads\/2019\/01\/slider-40-tennis-min-680x550-1.jpg\" \/>\n\t<meta property=\"og:image:width\" content=\"680\" \/>\n\t<meta property=\"og:image:height\" content=\"550\" \/>\n\t<meta property=\"og:image:type\" content=\"image\/jpeg\" \/>\n<meta name=\"author\" content=\"chris\" \/>\n<meta name=\"twitter:card\" content=\"summary_large_image\" \/>\n<meta name=\"twitter:label1\" content=\"Escrito por\" \/>\n\t<meta name=\"twitter:data1\" content=\"chris\" \/>\n\t<meta name=\"twitter:label2\" content=\"Tiempo de lectura\" \/>\n\t<meta name=\"twitter:data2\" content=\"2 minutos\" \/>\n<!-- \/ Yoast SEO plugin. -->","yoast_head_json":{"title":"Enfoque en Mat\u00edas Territoriale, Director de Tenis | Casa de Campo","description":"Director de tenis con clasificaci\u00f3n mundial itf ha jugado con varios clientes, celebridades y atletas notables durante su tiempo aqu\u00ed.","robots":{"index":"index","follow":"follow","max-snippet":"max-snippet:-1","max-image-preview":"max-image-preview:large","max-video-preview":"max-video-preview:-1"},"canonical":"https:\/\/www.casadecampo.com.do\/es\/blog\/2019\/02\/12\/spotlight-on-matias-territoriale\/","og_locale":"es_ES","og_type":"article","og_title":"Enfoque en Mat\u00edas Territoriale, Director de Tenis | Casa de Campo","og_description":"Director de tenis con clasificaci\u00f3n mundial itf ha jugado con varios clientes, celebridades y atletas notables durante su tiempo aqu\u00ed.","og_url":"https:\/\/www.casadecampo.com.do\/es\/blog\/2019\/02\/12\/spotlight-on-matias-territoriale\/","og_site_name":"Casa de Campo","article_published_time":"2019-02-12T20:44:55+00:00","article_modified_time":"2025-10-03T09:54:29+00:00","og_image":[{"width":680,"height":550,"url":"https:\/\/www.casadecampo.com.do\/wp-content\/uploads\/2019\/01\/slider-40-tennis-min-680x550-1.jpg","type":"image\/jpeg"}],"author":"chris","twitter_card":"summary_large_image","twitter_misc":{"Escrito por":"chris","Tiempo de lectura":"2 minutos"},"schema":{"@context":"https:\/\/schema.org","@graph":[{"@type":"Article","@id":"https:\/\/www.casadecampo.com.do\/es\/blog\/2019\/02\/12\/spotlight-on-matias-territoriale\/#article","isPartOf":{"@id":"https:\/\/www.casadecampo.com.do\/es\/blog\/2019\/02\/12\/spotlight-on-matias-territoriale\/"},"author":{"name":"chris","@id":"https:\/\/www.casadecampo.com.do\/es\/#\/schema\/person\/c57f0d22785e69e5b7a743856b86c591"},"headline":"Enfoque en Mat\u00edas Territoriale","datePublished":"2019-02-12T20:44:55+00:00","dateModified":"2025-10-03T09:54:29+00:00","mainEntityOfPage":{"@id":"https:\/\/www.casadecampo.com.do\/es\/blog\/2019\/02\/12\/spotlight-on-matias-territoriale\/"},"wordCount":406,"publisher":{"@id":"https:\/\/www.casadecampo.com.do\/es\/#organization"},"image":{"@id":"https:\/\/www.casadecampo.com.do\/es\/blog\/2019\/02\/12\/spotlight-on-matias-territoriale\/#primaryimage"},"thumbnailUrl":"https:\/\/www.casadecampo.com.do\/wp-content\/uploads\/2019\/01\/slider-40-tennis-min-680x550-1.jpg","articleSection":["Blog"],"inLanguage":"es"},{"@type":"WebPage","@id":"https:\/\/www.casadecampo.com.do\/es\/blog\/2019\/02\/12\/spotlight-on-matias-territoriale\/","url":"https:\/\/www.casadecampo.com.do\/es\/blog\/2019\/02\/12\/spotlight-on-matias-territoriale\/","name":"Enfoque en Mat\u00edas Territoriale, Director de Tenis | Casa de Campo","isPartOf":{"@id":"https:\/\/www.casadecampo.com.do\/es\/#website"},"primaryImageOfPage":{"@id":"https:\/\/www.casadecampo.com.do\/es\/blog\/2019\/02\/12\/spotlight-on-matias-territoriale\/#primaryimage"},"image":{"@id":"https:\/\/www.casadecampo.com.do\/es\/blog\/2019\/02\/12\/spotlight-on-matias-territoriale\/#primaryimage"},"thumbnailUrl":"https:\/\/www.casadecampo.com.do\/wp-content\/uploads\/2019\/01\/slider-40-tennis-min-680x550-1.jpg","datePublished":"2019-02-12T20:44:55+00:00","dateModified":"2025-10-03T09:54:29+00:00","description":"Director de tenis con clasificaci\u00f3n mundial itf ha jugado con varios clientes, celebridades y atletas notables durante su tiempo aqu\u00ed.","breadcrumb":{"@id":"https:\/\/www.casadecampo.com.do\/es\/blog\/2019\/02\/12\/spotlight-on-matias-territoriale\/#breadcrumb"},"inLanguage":"es","potentialAction":[{"@type":"ReadAction","target":["https:\/\/www.casadecampo.com.do\/es\/blog\/2019\/02\/12\/spotlight-on-matias-territoriale\/"]}]},{"@type":"ImageObject","inLanguage":"es","@id":"https:\/\/www.casadecampo.com.do\/es\/blog\/2019\/02\/12\/spotlight-on-matias-territoriale\/#primaryimage","url":"https:\/\/www.casadecampo.com.do\/wp-content\/uploads\/2019\/01\/slider-40-tennis-min-680x550-1.jpg","contentUrl":"https:\/\/www.casadecampo.com.do\/wp-content\/uploads\/2019\/01\/slider-40-tennis-min-680x550-1.jpg","width":680,"height":550,"caption":"La Terraza Tennis Center Courts"},{"@type":"BreadcrumbList","@id":"https:\/\/www.casadecampo.com.do\/es\/blog\/2019\/02\/12\/spotlight-on-matias-territoriale\/#breadcrumb","itemListElement":[{"@type":"ListItem","position":1,"name":"Inicio","item":"https:\/\/www.casadecampo.com.do\/es\/"},{"@type":"ListItem","position":2,"name":"Enfoque en Mat\u00edas Territoriale"}]},{"@type":"WebSite","@id":"https:\/\/www.casadecampo.com.do\/es\/#website","url":"https:\/\/www.casadecampo.com.do\/es\/","name":"Casa de Campo","description":"The most exclusive resort in the Caribbean","publisher":{"@id":"https:\/\/www.casadecampo.com.do\/es\/#organization"},"potentialAction":[{"@type":"SearchAction","target":{"@type":"EntryPoint","urlTemplate":"https:\/\/www.casadecampo.com.do\/es\/?s={search_term_string}"},"query-input":{"@type":"PropertyValueSpecification","valueRequired":true,"valueName":"search_term_string"}}],"inLanguage":"es"},{"@type":"Organization","@id":"https:\/\/www.casadecampo.com.do\/es\/#organization","name":"Casa de Campo Resort & Villas","url":"https:\/\/www.casadecampo.com.do\/es\/","logo":{"@type":"ImageObject","inLanguage":"es","@id":"https:\/\/www.casadecampo.com.do\/es\/#\/schema\/logo\/image\/","url":"https:\/\/www.casadecampo.com.do\/wp-content\/uploads\/2025\/09\/cdc-favicon.png","contentUrl":"https:\/\/www.casadecampo.com.do\/wp-content\/uploads\/2025\/09\/cdc-favicon.png","width":1024,"height":1009,"caption":"Casa de Campo Resort & Villas"},"image":{"@id":"https:\/\/www.casadecampo.com.do\/es\/#\/schema\/logo\/image\/"}},{"@type":"Person","@id":"https:\/\/www.casadecampo.com.do\/es\/#\/schema\/person\/c57f0d22785e69e5b7a743856b86c591","name":"chris","image":{"@type":"ImageObject","inLanguage":"es","@id":"https:\/\/secure.gravatar.com\/avatar\/2f58bc59924144cac156da365567565eb85f9105c28e17ad0eff8dd8df900ee7?s=96&d=mm&r=g","url":"https:\/\/secure.gravatar.com\/avatar\/2f58bc59924144cac156da365567565eb85f9105c28e17ad0eff8dd8df900ee7?s=96&d=mm&r=g","contentUrl":"https:\/\/secure.gravatar.com\/avatar\/2f58bc59924144cac156da365567565eb85f9105c28e17ad0eff8dd8df900ee7?s=96&d=mm&r=g","caption":"chris"}}]}},"_links":{"self":[{"href":"https:\/\/www.casadecampo.com.do\/es\/wp-json\/wp\/v2\/posts\/84730","targetHints":{"allow":["GET"]}}],"collection":[{"href":"https:\/\/www.casadecampo.com.do\/es\/wp-json\/wp\/v2\/posts"}],"about":[{"href":"https:\/\/www.casadecampo.com.do\/es\/wp-json\/wp\/v2\/types\/post"}],"author":[{"embeddable":true,"href":"https:\/\/www.casadecampo.com.do\/es\/wp-json\/wp\/v2\/users\/12"}],"replies":[{"embeddable":true,"href":"https:\/\/www.casadecampo.com.do\/es\/wp-json\/wp\/v2\/comments?post=84730"}],"version-history":[{"count":0,"href":"https:\/\/www.casadecampo.com.do\/es\/wp-json\/wp\/v2\/posts\/84730\/revisions"}],"wp:featuredmedia":[{"embeddable":true,"href":"https:\/\/www.casadecampo.com.do\/es\/wp-json\/wp\/v2\/media\/29270"}],"wp:attachment":[{"href":"https:\/\/www.casadecampo.com.do\/es\/wp-json\/wp\/v2\/media?parent=84730"}],"wp:term":[{"taxonomy":"category","embeddable":true,"href":"https:\/\/www.casadecampo.com.do\/es\/wp-json\/wp\/v2\/categories?post=84730"},{"taxonomy":"post_tag","embeddable":true,"href":"https:\/\/www.casadecampo.com.do\/es\/wp-json\/wp\/v2\/tags?post=84730"}],"curies":[{"name":"wp","href":"https:\/\/api.w.org\/{rel}","templated":true}]}}